{"id":9407,"date":"2017-09-18T22:17:30","date_gmt":"2017-09-18T22:17:30","guid":{"rendered":""},"modified":"2017-09-18T22:17:30","modified_gmt":"2017-09-18T22:17:30","slug":"en-chile-se-registra-un-sismo-de-magnitud-5-5","status":"publish","type":"post","link":"https:\/\/sertv.gob.pa\/crisolfm\/en-chile-se-registra-un-sismo-de-magnitud-5-5\/","title":{"rendered":"En Chile se registra un sismo de magnitud 5,5"},"content":{"rendered":"<p>\nUn sismo de magnitud 5,5 sacudi\u00f3 hoy a cuatro regiones de la zona centro y norte de\u00a0Chile, informaron fuentes oficiales. <\/p>\n<p>Seg\u00fan el Centro Sismol\u00f3gico Nacional de la Universidad de\u00a0Chile, el temblor se sinti\u00f3 a las 10.46 hora local (13.46 GMT), y su epicentro se localiz\u00f3 45 kil\u00f3metros al oeste de la localidad de Los Vilos, en la regi\u00f3n de Coquimbo, a 225 kil\u00f3metros al norte de Santiago. <\/p>\n<p>El hipocentro, se situ\u00f3 a 32,5 kil\u00f3metros de profundidad. <\/p>\n<p>La Oficina Nacional de Emergencia (Onemi), dependiente del Ministerio del Interior, detall\u00f3 que el temblor fue percibido en las regiones de Coquimbo, Valpara\u00edso, Metropolitana y O&#8217;Higgins, con intensidades de entre III y IV grados en la escala internacional de Mercalli. <\/p>\n","protected":false},"excerpt":{"rendered":"<p>Un sismo de magnitud 5,5 sacudi\u00f3 hoy a cuatro regiones <a href=\"https:\/\/sertv.gob.pa\/crisolfm\/en-chile-se-registra-un-sismo-de-magnitud-5-5\/\"> [&#8230;]<\/a><\/p>\n","protected":false},"author":1,"featured_media":9408,"comment_status":"closed","ping_status":"closed","sticky":false,"template":"","format":"standard","meta":{"footnotes":""},"categories":[7],"tags":[],"class_list":["post-9407","post","type-post","status-publish","format-standard","has-post-thumbnail","hentry","category-ecologicas"],"_links":{"self":[{"href":"https:\/\/sertv.gob.pa\/crisolfm\/wp-json\/wp\/v2\/posts\/9407","targetHints":{"allow":["GET"]}}],"collection":[{"href":"https:\/\/sertv.gob.pa\/crisolfm\/wp-json\/wp\/v2\/posts"}],"about":[{"href":"https:\/\/sertv.gob.pa\/crisolfm\/wp-json\/wp\/v2\/types\/post"}],"author":[{"embeddable":true,"href":"https:\/\/sertv.gob.pa\/crisolfm\/wp-json\/wp\/v2\/users\/1"}],"replies":[{"embeddable":true,"href":"https:\/\/sertv.gob.pa\/crisolfm\/wp-json\/wp\/v2\/comments?post=9407"}],"version-history":[{"count":0,"href":"https:\/\/sertv.gob.pa\/crisolfm\/wp-json\/wp\/v2\/posts\/9407\/revisions"}],"wp:featuredmedia":[{"embeddable":true,"href":"https:\/\/sertv.gob.pa\/crisolfm\/wp-json\/wp\/v2\/media\/9408"}],"wp:attachment":[{"href":"https:\/\/sertv.gob.pa\/crisolfm\/wp-json\/wp\/v2\/media?parent=9407"}],"wp:term":[{"taxonomy":"category","embeddable":true,"href":"https:\/\/sertv.gob.pa\/crisolfm\/wp-json\/wp\/v2\/categories?post=9407"},{"taxonomy":"post_tag","embeddable":true,"href":"https:\/\/sertv.gob.pa\/crisolfm\/wp-json\/wp\/v2\/tags?post=9407"}],"curies":[{"name":"wp","href":"https:\/\/api.w.org\/{rel}","templated":true}]}}