{"id":9409,"date":"2017-09-18T22:45:24","date_gmt":"2017-09-18T22:45:24","guid":{"rendered":""},"modified":"2017-09-18T22:45:24","modified_gmt":"2017-09-18T22:45:24","slug":"maria-se-convierte-en-peligroso-huracan","status":"publish","type":"post","link":"https:\/\/sertv.gob.pa\/crisolfm\/maria-se-convierte-en-peligroso-huracan\/","title":{"rendered":"Mar\u00eda se convierte en \u00abpeligroso\u00bb hurac\u00e1n"},"content":{"rendered":"<p>\nMar\u00eda se convirti\u00f3 hoy en un \u00abpeligroso\u00bb hurac\u00e1n categor\u00eda 4 con vientos m\u00e1ximos sostenidos de 215 kil\u00f3metros por hora (130 millas) en camino a Dominica, inform\u00f3 hoy el Centro Nacional de Huracanes (CNH) de EE.UU. <\/p>\n<p>En su bolet\u00edn de las 21.00 GMT, el hurac\u00e1n se hallaba a 70 kil\u00f3metros (45 millas) a este sureste de Dominica y a 55 kil\u00f3metros (35 millas) al noreste de Martinica. <\/p>\n<p>Los meteor\u00f3logos del CNH pronostican que el ojo del cicl\u00f3n, que se mueve hacia el oeste noroeste a una velocidad de 15 kil\u00f3metros por hora (9 millas) pase en las pr\u00f3ximas horas cerca de Dominica y adyacente a las islas de Sotavento. <\/p>\n<p>Prev\u00e9n que esta noche y ma\u00f1ana martes se mover\u00e1 sobre el extremo noreste del mar Caribe, y en la noche del martes y el mi\u00e9rcoles se aproximar\u00e1 a Puerto Rico y las Islas V\u00edrgenes. <\/p>\n<p>Los meteor\u00f3logos apuntan que Mar\u00eda podr\u00eda intensificarse en los pr\u00f3ximos d\u00edas, como ya hizo Irma la semana pasada. <\/p>\n","protected":false},"excerpt":{"rendered":"<p>Mar\u00eda se convirti\u00f3 hoy en un \u00abpeligroso\u00bb hurac\u00e1n categor\u00eda 4 <a href=\"https:\/\/sertv.gob.pa\/crisolfm\/maria-se-convierte-en-peligroso-huracan\/\"> [&#8230;]<\/a><\/p>\n","protected":false},"author":1,"featured_media":9410,"comment_status":"closed","ping_status":"closed","sticky":false,"template":"","format":"standard","meta":{"footnotes":""},"categories":[7],"tags":[],"class_list":["post-9409","post","type-post","status-publish","format-standard","has-post-thumbnail","hentry","category-ecologicas"],"_links":{"self":[{"href":"https:\/\/sertv.gob.pa\/crisolfm\/wp-json\/wp\/v2\/posts\/9409","targetHints":{"allow":["GET"]}}],"collection":[{"href":"https:\/\/sertv.gob.pa\/crisolfm\/wp-json\/wp\/v2\/posts"}],"about":[{"href":"https:\/\/sertv.gob.pa\/crisolfm\/wp-json\/wp\/v2\/types\/post"}],"author":[{"embeddable":true,"href":"https:\/\/sertv.gob.pa\/crisolfm\/wp-json\/wp\/v2\/users\/1"}],"replies":[{"embeddable":true,"href":"https:\/\/sertv.gob.pa\/crisolfm\/wp-json\/wp\/v2\/comments?post=9409"}],"version-history":[{"count":0,"href":"https:\/\/sertv.gob.pa\/crisolfm\/wp-json\/wp\/v2\/posts\/9409\/revisions"}],"wp:featuredmedia":[{"embeddable":true,"href":"https:\/\/sertv.gob.pa\/crisolfm\/wp-json\/wp\/v2\/media\/9410"}],"wp:attachment":[{"href":"https:\/\/sertv.gob.pa\/crisolfm\/wp-json\/wp\/v2\/media?parent=9409"}],"wp:term":[{"taxonomy":"category","embeddable":true,"href":"https:\/\/sertv.gob.pa\/crisolfm\/wp-json\/wp\/v2\/categories?post=9409"},{"taxonomy":"post_tag","embeddable":true,"href":"https:\/\/sertv.gob.pa\/crisolfm\/wp-json\/wp\/v2\/tags?post=9409"}],"curies":[{"name":"wp","href":"https:\/\/api.w.org\/{rel}","templated":true}]}}