{"id":9443,"date":"2017-09-21T20:35:49","date_gmt":"2017-09-21T20:35:49","guid":{"rendered":""},"modified":"2017-09-21T20:35:49","modified_gmt":"2017-09-21T20:35:49","slug":"campana-miviot-reforesta-continua","status":"publish","type":"post","link":"https:\/\/sertv.gob.pa\/crisolfm\/campana-miviot-reforesta-continua\/","title":{"rendered":"Campa\u00f1a &#8216;Miviot Reforesta&#8217; contin\u00faa"},"content":{"rendered":"<p>\nLa nueva campa\u00f1a &ldquo;Miviot Reforesta por un pa\u00eds m\u00e1s verde&rdquo; fue emprendida este jueves en el sector 4 de Samaria, distrito de San Miguelito, donde decenas de personas sembraron plantones dentro de la estrategia que busca frenar la degradaci\u00f3n de los bosques naturales. <\/p>\n<p>El ministro de Vivienda y Ordenamiento Territorial, Mario Etchelecu, quien encabeza la campa\u00f1a, se\u00f1al\u00f3 que se ha trabajado de la mano con el Ministerio de Ambiente en la contribuci\u00f3n para la alianza por el mill\u00f3n de hect\u00e1reas, plan que tiene como prop\u00f3sito mejorar el medio ambiente. <\/p>\n<p>Destac\u00f3 que en todos los proyectos habitacionales que desarrolla la entidad, se llevar\u00e1 a cabo esta nueva iniciativa, conscientes del impacto positivo que produce la reforestaci\u00f3n en Panam\u00e1. <\/p>\n<p>El primer punto donde inici\u00f3 la estrategia social fue en la reciente entrega del proyecto Brisas del Llano, ubicado en el distrito de Chepo, donde las familias beneficiadas sembraron plantones alrededor de sus nuevas residencias. <\/p>\n<p>En el evento particip\u00f3 adem\u00e1s el titular de Ambiente, Emilio Sempris, quien firm\u00f3 un convenio \u00a0con el representante del corregimiento Belisario Fr\u00edas, Eric Portocarrero, para unir esfuerzos en el mantenimiento de esta hect\u00e1rea de terreno que fue reforestada. <\/p>\n<p>Plantones de guayac\u00e1n, jacaranda y roble fueron sembrados por los colaboradores de ambas entidades, as\u00ed como ni\u00f1os estudiantes de la Escuela Rep\u00fablica de Corea, dando un mensaje claro sobre el anhelo de un mejor futuro. <\/p>\n<p>\u00a0 <\/p>\n","protected":false},"excerpt":{"rendered":"<p>La nueva campa\u00f1a &ldquo;Miviot Reforesta por un pa\u00eds m\u00e1s verde&rdquo; <a href=\"https:\/\/sertv.gob.pa\/crisolfm\/campana-miviot-reforesta-continua\/\"> [&#8230;]<\/a><\/p>\n","protected":false},"author":1,"featured_media":9444,"comment_status":"closed","ping_status":"closed","sticky":false,"template":"","format":"standard","meta":{"footnotes":""},"categories":[7],"tags":[],"class_list":["post-9443","post","type-post","status-publish","format-standard","has-post-thumbnail","hentry","category-ecologicas"],"_links":{"self":[{"href":"https:\/\/sertv.gob.pa\/crisolfm\/wp-json\/wp\/v2\/posts\/9443","targetHints":{"allow":["GET"]}}],"collection":[{"href":"https:\/\/sertv.gob.pa\/crisolfm\/wp-json\/wp\/v2\/posts"}],"about":[{"href":"https:\/\/sertv.gob.pa\/crisolfm\/wp-json\/wp\/v2\/types\/post"}],"author":[{"embeddable":true,"href":"https:\/\/sertv.gob.pa\/crisolfm\/wp-json\/wp\/v2\/users\/1"}],"replies":[{"embeddable":true,"href":"https:\/\/sertv.gob.pa\/crisolfm\/wp-json\/wp\/v2\/comments?post=9443"}],"version-history":[{"count":0,"href":"https:\/\/sertv.gob.pa\/crisolfm\/wp-json\/wp\/v2\/posts\/9443\/revisions"}],"wp:featuredmedia":[{"embeddable":true,"href":"https:\/\/sertv.gob.pa\/crisolfm\/wp-json\/wp\/v2\/media\/9444"}],"wp:attachment":[{"href":"https:\/\/sertv.gob.pa\/crisolfm\/wp-json\/wp\/v2\/media?parent=9443"}],"wp:term":[{"taxonomy":"category","embeddable":true,"href":"https:\/\/sertv.gob.pa\/crisolfm\/wp-json\/wp\/v2\/categories?post=9443"},{"taxonomy":"post_tag","embeddable":true,"href":"https:\/\/sertv.gob.pa\/crisolfm\/wp-json\/wp\/v2\/tags?post=9443"}],"curies":[{"name":"wp","href":"https:\/\/api.w.org\/{rel}","templated":true}]}}