{"id":9445,"date":"2017-09-21T20:48:40","date_gmt":"2017-09-21T20:48:40","guid":{"rendered":""},"modified":"2017-09-21T20:48:40","modified_gmt":"2017-09-21T20:48:40","slug":"el-nino-destruyo-hasta-el-70-de-varios-manglares-de-panama","status":"publish","type":"post","link":"https:\/\/sertv.gob.pa\/crisolfm\/el-nino-destruyo-hasta-el-70-de-varios-manglares-de-panama\/","title":{"rendered":"El Ni\u00f1o destruy\u00f3 hasta el 70 % de varios manglares de Panam\u00e1"},"content":{"rendered":"<p>\nLos bosques de manglares de Panam\u00e1 sufrieron destrucciones de hasta el 70 % entre 2015 y 2016, cuando el fen\u00f3meno meteorol\u00f3gico denominado El Ni\u00f1o provoc\u00f3 la peor sequ\u00eda en 100 a\u00f1os, revel\u00f3 hoy un grupo de expertos. <\/p>\n<p>\u00abLos manglares son \u00e1rboles hal\u00f3filos, que aguantan la salinidad. Pero el a\u00f1o pasado, debido a la falta de lluvias, la evapotranspiraci\u00f3n fue enorme y la concentraci\u00f3n de sal en la superficie se dispar\u00f3\u00bb, explic\u00f3 el investigador de la Secretar\u00eda Nacional de Ciencia, Tecnolog\u00eda e Innovaci\u00f3n (Senacyt) Omar L\u00f3pez. <\/p>\n<p>La destrucci\u00f3n fue especialmente severa en la costa del Pac\u00edfico, directamente en la Bah\u00eda de Panam\u00e1 y en los bosques de manglares cercanos a la capital. Mientras que en otras zonas del pa\u00eds las p\u00e9rdidas no llegaron al 20 %, detall\u00f3 el experto gubernamental a Acan-Efe. <\/p>\n<p>\u00abEl pasado domingo, medimos la salinidad del suelo de los manglares de Juan D\u00edaz, en la Bah\u00eda de Panam\u00e1 y descubrimos que es el doble de la que hallamos en el agua de mar. Esto quiere decir que en verano esa concentraci\u00f3n salina se va a disparar tanto que no va a haber planta que lo aguante\u00bb, alert\u00f3 L\u00f3pez. <\/p>\n<p>Medio centenar de cient\u00edficos de distintas instituciones paname\u00f1as e internacionales se congregaron durante toda la semana en la capital en un taller organizado a petici\u00f3n del Ministerio de Ambiente para discutir sobre los da\u00f1os causados el a\u00f1o pasado en estos ecosistemas, que igualmente se conocen como bosques azules. <\/p>\n<p>La especialista en medici\u00f3n de carbono del Programa de las Naciones Unidas para el Desarrollo (PNUD) Tania Romero, quien sobrevol\u00f3 el pa\u00eds para certificar el estado de estos bosques tropicales, indic\u00f3 a Acan-Efe que El Ni\u00f1o afect\u00f3 a los manglares de todo el Pac\u00edfico, incluido Australia, aunque en Panam\u00e1 la destrucci\u00f3n fue m\u00e1s potente. Romero afirm\u00f3 que esto puede deberse a la huella humana y al exceso de relleno en ciertas zonas del litoral con gran desarrollo inmobiliario. <\/p>\n<p>\u00a0 <\/p>\n","protected":false},"excerpt":{"rendered":"<p>Los bosques de manglares de Panam\u00e1 sufrieron destrucciones de hasta <a href=\"https:\/\/sertv.gob.pa\/crisolfm\/el-nino-destruyo-hasta-el-70-de-varios-manglares-de-panama\/\"> [&#8230;]<\/a><\/p>\n","protected":false},"author":1,"featured_media":9446,"comment_status":"closed","ping_status":"closed","sticky":false,"template":"","format":"standard","meta":{"footnotes":""},"categories":[7],"tags":[],"class_list":["post-9445","post","type-post","status-publish","format-standard","has-post-thumbnail","hentry","category-ecologicas"],"_links":{"self":[{"href":"https:\/\/sertv.gob.pa\/crisolfm\/wp-json\/wp\/v2\/posts\/9445","targetHints":{"allow":["GET"]}}],"collection":[{"href":"https:\/\/sertv.gob.pa\/crisolfm\/wp-json\/wp\/v2\/posts"}],"about":[{"href":"https:\/\/sertv.gob.pa\/crisolfm\/wp-json\/wp\/v2\/types\/post"}],"author":[{"embeddable":true,"href":"https:\/\/sertv.gob.pa\/crisolfm\/wp-json\/wp\/v2\/users\/1"}],"replies":[{"embeddable":true,"href":"https:\/\/sertv.gob.pa\/crisolfm\/wp-json\/wp\/v2\/comments?post=9445"}],"version-history":[{"count":0,"href":"https:\/\/sertv.gob.pa\/crisolfm\/wp-json\/wp\/v2\/posts\/9445\/revisions"}],"wp:featuredmedia":[{"embeddable":true,"href":"https:\/\/sertv.gob.pa\/crisolfm\/wp-json\/wp\/v2\/media\/9446"}],"wp:attachment":[{"href":"https:\/\/sertv.gob.pa\/crisolfm\/wp-json\/wp\/v2\/media?parent=9445"}],"wp:term":[{"taxonomy":"category","embeddable":true,"href":"https:\/\/sertv.gob.pa\/crisolfm\/wp-json\/wp\/v2\/categories?post=9445"},{"taxonomy":"post_tag","embeddable":true,"href":"https:\/\/sertv.gob.pa\/crisolfm\/wp-json\/wp\/v2\/tags?post=9445"}],"curies":[{"name":"wp","href":"https:\/\/api.w.org\/{rel}","templated":true}]}}