{"id":9467,"date":"2017-09-23T05:00:00","date_gmt":"2017-09-23T05:00:00","guid":{"rendered":""},"modified":"2017-09-23T05:00:00","modified_gmt":"2017-09-23T05:00:00","slug":"pacma-batalla-legalmente-para-detener-la-caza-de-lobos","status":"publish","type":"post","link":"https:\/\/sertv.gob.pa\/crisolfm\/pacma-batalla-legalmente-para-detener-la-caza-de-lobos\/","title":{"rendered":"PACMA batalla legalmente para detener la caza de lobos"},"content":{"rendered":"<p>\nEl Principado de Asturias, presidido por Javier Fern\u00e1ndez (PSOE), ha cedido ante la presi\u00f3n de los ganaderos y cazadores, y ha autorizado la caza indiscriminada del lobo ib\u00e9rico en un tercio del territorio asturiano. Esta resoluci\u00f3n contraviene la Directiva Europea de H\u00e1bitats, que cataloga al lobo como Especie de Inter\u00e9s Comunitario. El lobo ib\u00e9rico debe ser protegido y, aunque es cierto que al norte del r\u00edo Duero la Directiva contempla la posibilidad de que se permita su caza, debe hacerse siempre de forma selectiva, estableciendo cupos y respetando la temporada de cr\u00eda. <\/p>\n<p>La veda que ha abierto el Principado de Asturias contraviene completamente esta legislaci\u00f3n y atenta de facto contra los animales, que podr\u00e1n ser cazados en un \u00e1rea de 3.500 kil\u00f3metros cuadrados de Asturias, lo cual equivale a un tercio del territorio. <\/p>\n<p>El Partido Animalista comenz\u00f3 hace meses un intenso trabajo legal para trabajar en la protecci\u00f3n efectiva del lobo ib\u00e9rico y la paralizaci\u00f3n de cualquier orden de caza contra estos animales. <\/p>\n<p>Desde que el pasado viernes entrara en vigor esta disposici\u00f3n ordenada por el Principado de Asturias, PACMA est\u00e1 batallando legalmente para impugnarla y detener las matanzas que se han iniciado. <\/p>\n<p>El Partido Animalista lamenta que el Principado de Asturias haya decidido posicionarse del lado del lobby de ganaderos y cazadores, que llevan a\u00f1os organiz\u00e1ndose para perseguir al lobo ib\u00e9rico. <\/p>\n<p>Consideramos que los a\u00f1os que el Principado ha dedicado a organizar la caza de estos animales, deber\u00edan haberse invertido en buscar soluciones no letales para los problemas que pueda suponer la presencia del lobo ib\u00e9rico en determinadas zonas rurales. <\/p>\n<p>Resulta lamentable que en el a\u00f1o 2017 sigamos resolviendo a tiros los problemas con los animales. Desde PACMA trabajaremos para poder garantizar la vida y libertad de estos animales en el Principado de Asturias. <\/p>\n<p>\u00a0 <\/p>\n","protected":false},"excerpt":{"rendered":"<p>El Principado de Asturias, presidido por Javier Fern\u00e1ndez (PSOE), ha <a href=\"https:\/\/sertv.gob.pa\/crisolfm\/pacma-batalla-legalmente-para-detener-la-caza-de-lobos\/\"> [&#8230;]<\/a><\/p>\n","protected":false},"author":1,"featured_media":9468,"comment_status":"closed","ping_status":"closed","sticky":false,"template":"","format":"standard","meta":{"footnotes":""},"categories":[7],"tags":[],"class_list":["post-9467","post","type-post","status-publish","format-standard","has-post-thumbnail","hentry","category-ecologicas"],"_links":{"self":[{"href":"https:\/\/sertv.gob.pa\/crisolfm\/wp-json\/wp\/v2\/posts\/9467","targetHints":{"allow":["GET"]}}],"collection":[{"href":"https:\/\/sertv.gob.pa\/crisolfm\/wp-json\/wp\/v2\/posts"}],"about":[{"href":"https:\/\/sertv.gob.pa\/crisolfm\/wp-json\/wp\/v2\/types\/post"}],"author":[{"embeddable":true,"href":"https:\/\/sertv.gob.pa\/crisolfm\/wp-json\/wp\/v2\/users\/1"}],"replies":[{"embeddable":true,"href":"https:\/\/sertv.gob.pa\/crisolfm\/wp-json\/wp\/v2\/comments?post=9467"}],"version-history":[{"count":0,"href":"https:\/\/sertv.gob.pa\/crisolfm\/wp-json\/wp\/v2\/posts\/9467\/revisions"}],"wp:featuredmedia":[{"embeddable":true,"href":"https:\/\/sertv.gob.pa\/crisolfm\/wp-json\/wp\/v2\/media\/9468"}],"wp:attachment":[{"href":"https:\/\/sertv.gob.pa\/crisolfm\/wp-json\/wp\/v2\/media?parent=9467"}],"wp:term":[{"taxonomy":"category","embeddable":true,"href":"https:\/\/sertv.gob.pa\/crisolfm\/wp-json\/wp\/v2\/categories?post=9467"},{"taxonomy":"post_tag","embeddable":true,"href":"https:\/\/sertv.gob.pa\/crisolfm\/wp-json\/wp\/v2\/tags?post=9467"}],"curies":[{"name":"wp","href":"https:\/\/api.w.org\/{rel}","templated":true}]}}