{"id":9493,"date":"2017-09-26T21:00:15","date_gmt":"2017-09-26T21:00:15","guid":{"rendered":""},"modified":"2017-09-26T21:00:15","modified_gmt":"2017-09-26T21:00:15","slug":"40-de-manglares-esta-incluido-en-sistema-de-areas-protegidas","status":"publish","type":"post","link":"https:\/\/sertv.gob.pa\/crisolfm\/40-de-manglares-esta-incluido-en-sistema-de-areas-protegidas\/","title":{"rendered":"40 % de manglares est\u00e1 incluido en sistema de \u00e1reas protegidas"},"content":{"rendered":"<p>\nDe 1.744 kil\u00f3metros cuadrados de manglares que hay en las costas de\u00a0Panam\u00e1, \u00fanicamente el 40 % (701 kil\u00f3metros cuadrados) est\u00e1 en el sistema nacional de zonas protegidas, seg\u00fan el cap\u00edtulo paname\u00f1o de la ONG Conservaci\u00f3n Internacional, organizadora de un foro regional sobre la materia que comenz\u00f3 hoy en el pa\u00eds. <\/p>\n<p>Las \u00e1reas restantes, a\u00f1adi\u00f3 la organizaci\u00f3n conservacionista, \u00abincluso si est\u00e1n clasificadas como zonas especiales de manejo, son vulnerables a la conversi\u00f3n agr\u00edcola, la contaminaci\u00f3n costera, la cr\u00eda de camarones, y la construcci\u00f3n de viviendas, y sufren un alto grado de degradaci\u00f3n debido a la extracci\u00f3n de productos forestales\u00bb. <\/p>\n<p>\u00abEl estado de protecci\u00f3n de la mayor\u00eda de estos manglares es relativamente d\u00e9bil y no garantiza un medio apropiado para la protecci\u00f3n a largo plazo de las reservas de carbono\u00bb, se\u00f1al\u00f3 en una declaraci\u00f3n el gerente de Conservaci\u00f3n de Manglares de Conservaci\u00f3n Internacional-Panam\u00e1, Julio Rodr\u00edguez. <\/p>\n<p>Desde este martes y hasta ma\u00f1ana, una veintena de expertos de\u00a0Panam\u00e1, Colombia, Costa Rica, Estados Unidos y Ecuador analizan la importancia y vulnerabilidad de los manglares en un foro en Santiago de Veraguas, a unos 250 kil\u00f3metros al oeste de la capital paname\u00f1a. <\/p>\n<p>La cita pretende demostrar la contribuci\u00f3n que hacen los ecosistemas de manglar a la gesti\u00f3n del riesgo de cambio clim\u00e1tico, tanto desde la perspectiva de la adaptaci\u00f3n como de la mitigaci\u00f3n. <\/p>\n<p>Con ello se busca fortalecer la gesti\u00f3n de esos ecosistemas para reducir las amenazas, mantener e incrementar las reservas de carbono, y aumentar su capacidad de adaptaci\u00f3n al cambio clim\u00e1tico y los fen\u00f3menos meteorol\u00f3gicos extremos. <\/p>\n<p>Ese es uno de los puntos de los Objetivos de Desarrollo Sostenible (ODS) que los Estados Miembros de la ONU aprobaron en la Agenda 2030 para el Desarrollo Sostenible, apuntando a fortalecer la resiliencia y la capacidad de adaptaci\u00f3n a los riesgos relacionados con el clima. <\/p>\n<p>\u00a0 <\/p>\n<p>\u00a0 <\/p>\n","protected":false},"excerpt":{"rendered":"<p>De 1.744 kil\u00f3metros cuadrados de manglares que hay en las <a href=\"https:\/\/sertv.gob.pa\/crisolfm\/40-de-manglares-esta-incluido-en-sistema-de-areas-protegidas\/\"> [&#8230;]<\/a><\/p>\n","protected":false},"author":1,"featured_media":9494,"comment_status":"closed","ping_status":"closed","sticky":false,"template":"","format":"standard","meta":{"footnotes":""},"categories":[7],"tags":[],"class_list":["post-9493","post","type-post","status-publish","format-standard","has-post-thumbnail","hentry","category-ecologicas"],"_links":{"self":[{"href":"https:\/\/sertv.gob.pa\/crisolfm\/wp-json\/wp\/v2\/posts\/9493","targetHints":{"allow":["GET"]}}],"collection":[{"href":"https:\/\/sertv.gob.pa\/crisolfm\/wp-json\/wp\/v2\/posts"}],"about":[{"href":"https:\/\/sertv.gob.pa\/crisolfm\/wp-json\/wp\/v2\/types\/post"}],"author":[{"embeddable":true,"href":"https:\/\/sertv.gob.pa\/crisolfm\/wp-json\/wp\/v2\/users\/1"}],"replies":[{"embeddable":true,"href":"https:\/\/sertv.gob.pa\/crisolfm\/wp-json\/wp\/v2\/comments?post=9493"}],"version-history":[{"count":0,"href":"https:\/\/sertv.gob.pa\/crisolfm\/wp-json\/wp\/v2\/posts\/9493\/revisions"}],"wp:featuredmedia":[{"embeddable":true,"href":"https:\/\/sertv.gob.pa\/crisolfm\/wp-json\/wp\/v2\/media\/9494"}],"wp:attachment":[{"href":"https:\/\/sertv.gob.pa\/crisolfm\/wp-json\/wp\/v2\/media?parent=9493"}],"wp:term":[{"taxonomy":"category","embeddable":true,"href":"https:\/\/sertv.gob.pa\/crisolfm\/wp-json\/wp\/v2\/categories?post=9493"},{"taxonomy":"post_tag","embeddable":true,"href":"https:\/\/sertv.gob.pa\/crisolfm\/wp-json\/wp\/v2\/tags?post=9493"}],"curies":[{"name":"wp","href":"https:\/\/api.w.org\/{rel}","templated":true}]}}