{"id":9509,"date":"2017-09-27T20:55:16","date_gmt":"2017-09-27T20:55:16","guid":{"rendered":""},"modified":"2017-09-27T20:55:16","modified_gmt":"2017-09-27T20:55:16","slug":"sismo-de-magnitud-3-9-sacudio-hoy-la-comarca-guna-yala","status":"publish","type":"post","link":"https:\/\/sertv.gob.pa\/crisolfm\/sismo-de-magnitud-3-9-sacudio-hoy-la-comarca-guna-yala\/","title":{"rendered":"Sismo de magnitud 3,9 sacudi\u00f3 hoy la comarca Guna Yala"},"content":{"rendered":"<p>\nUn sismo de magnitud 3,9 en la escala de Richter sacudi\u00f3 hoy las costas de la comarca ind\u00edgena de Guna Yala, en el litoral Caribe, sin reportes de v\u00edctimas ni da\u00f1os materiales, inform\u00f3 el Instituto de Geociencias (IGC) de Panam\u00e1. <\/p>\n<p>El temblor se produjo a las 10:42 hora local (15:42 GMT), a unos 102 kil\u00f3metros al este de la poblaci\u00f3n de Chepo en la provincia de Panam\u00e1, el lugar m\u00e1s pr\u00f3ximo al epicentro localizado en Play\u00f3n Chico, comarca de Guna Yala. <\/p>\n<p>La profundidad del sismo fue de 53,1 kil\u00f3metros, seg\u00fan el informe del Instituto de Geociencias de la Universidad de Panam\u00e1. <\/p>\n<p>\u00a0 <\/p>\n","protected":false},"excerpt":{"rendered":"<p>Un sismo de magnitud 3,9 en la escala de Richter <a href=\"https:\/\/sertv.gob.pa\/crisolfm\/sismo-de-magnitud-3-9-sacudio-hoy-la-comarca-guna-yala\/\"> [&#8230;]<\/a><\/p>\n","protected":false},"author":1,"featured_media":9510,"comment_status":"closed","ping_status":"closed","sticky":false,"template":"","format":"standard","meta":{"footnotes":""},"categories":[7],"tags":[],"class_list":["post-9509","post","type-post","status-publish","format-standard","has-post-thumbnail","hentry","category-ecologicas"],"_links":{"self":[{"href":"https:\/\/sertv.gob.pa\/crisolfm\/wp-json\/wp\/v2\/posts\/9509","targetHints":{"allow":["GET"]}}],"collection":[{"href":"https:\/\/sertv.gob.pa\/crisolfm\/wp-json\/wp\/v2\/posts"}],"about":[{"href":"https:\/\/sertv.gob.pa\/crisolfm\/wp-json\/wp\/v2\/types\/post"}],"author":[{"embeddable":true,"href":"https:\/\/sertv.gob.pa\/crisolfm\/wp-json\/wp\/v2\/users\/1"}],"replies":[{"embeddable":true,"href":"https:\/\/sertv.gob.pa\/crisolfm\/wp-json\/wp\/v2\/comments?post=9509"}],"version-history":[{"count":0,"href":"https:\/\/sertv.gob.pa\/crisolfm\/wp-json\/wp\/v2\/posts\/9509\/revisions"}],"wp:featuredmedia":[{"embeddable":true,"href":"https:\/\/sertv.gob.pa\/crisolfm\/wp-json\/wp\/v2\/media\/9510"}],"wp:attachment":[{"href":"https:\/\/sertv.gob.pa\/crisolfm\/wp-json\/wp\/v2\/media?parent=9509"}],"wp:term":[{"taxonomy":"category","embeddable":true,"href":"https:\/\/sertv.gob.pa\/crisolfm\/wp-json\/wp\/v2\/categories?post=9509"},{"taxonomy":"post_tag","embeddable":true,"href":"https:\/\/sertv.gob.pa\/crisolfm\/wp-json\/wp\/v2\/tags?post=9509"}],"curies":[{"name":"wp","href":"https:\/\/api.w.org\/{rel}","templated":true}]}}