{"id":9517,"date":"2017-09-28T01:13:17","date_gmt":"2017-09-28T01:13:17","guid":{"rendered":""},"modified":"2017-09-28T01:13:17","modified_gmt":"2017-09-28T01:13:17","slug":"volcan-popocatepetl-emite-cenizas-sobre-estados-de-mexico-y-morelos","status":"publish","type":"post","link":"https:\/\/sertv.gob.pa\/crisolfm\/volcan-popocatepetl-emite-cenizas-sobre-estados-de-mexico-y-morelos\/","title":{"rendered":"Volc\u00e1n Popocat\u00e9petl emite cenizas sobre estados de M\u00e9xico y Morelos"},"content":{"rendered":"<p>\nEl Volc\u00e1n Popocat\u00e9petl\u00a0 emiti\u00f3 hoy una nube de ceniza de 1,5 kil\u00f3metros de altura que provoc\u00f3 la ca\u00edda de part\u00edculas sobre algunas \u00e1reas de los estados de M\u00e9xico y Morelos, inform\u00f3 hoy el Centro Nacional de Prevenci\u00f3n de Desastres (Cenapred). <\/p>\n<p>La lluvia de ceniza ha afectado hasta ahora a los poblados de Ecatzingo y Atlauta (Estado de M\u00e9xico), adem\u00e1s de Atlatlahuac\u00e1n, Ocuituco, Oaxtepec, Jiutepec y Yautepec (Morelos), se\u00f1al\u00f3 el Cenapred en un reporte. <\/p>\n<p>La actividad actual del volc\u00e1n Popocat\u00e9petl, localizado en el centro del pa\u00eds, no tiene relaci\u00f3n directa con el terremoto de magnitud 7,1 del 19 de septiembre con epicentro en los l\u00edmites de los estados de Puebla y Morelos, enfatiz\u00f3. <\/p>\n<p>El organismo explic\u00f3 que esta emisi\u00f3n de ceniza es parte de una intensa activad volc\u00e1nica de m\u00e1s de seis horas registrada este d\u00eda y que ha incluido la expulsi\u00f3n de fragmentos incandescentes a una distancia de 1.000 metros del cr\u00e1ter. <\/p>\n<p>En las \u00faltimas 24 horas, el volc\u00e1n ha registrado 25 exhalaciones de baja intensidad, dos sismos volcanotect\u00f3nicos de magnitud 1,8, y se detectaron 12 minutos de tremor arm\u00f3nico, se\u00f1al\u00f3. <\/p>\n<p>El Cenapred mantiene una vigilancia continua de la actividad del Popocat\u00e9petl desde que en 1994 comenz\u00f3\u00a0 su actual fase eruptiva. <\/p>\n<p>La actividad actual del Popocat\u00e9petl, de 5.426 metros de altitud, se halla dentro del par\u00e1metro normal correspondiente al nivel de alerta amarilla fase 2, por lo que no es necesario un desalojo preventivo. <\/p>\n<p>En esta fase, las autoridades consideran posible un escenario de actividad explosiva de escala baja a intermedia, lluvia de ceniza entre leve y moderada y flujos pirocl\u00e1sticos en las cercan\u00edas del cr\u00e1ter. <\/p>\n","protected":false},"excerpt":{"rendered":"<p>El Volc\u00e1n Popocat\u00e9petl\u00a0 emiti\u00f3 hoy una nube de ceniza de <a href=\"https:\/\/sertv.gob.pa\/crisolfm\/volcan-popocatepetl-emite-cenizas-sobre-estados-de-mexico-y-morelos\/\"> [&#8230;]<\/a><\/p>\n","protected":false},"author":1,"featured_media":9518,"comment_status":"closed","ping_status":"closed","sticky":false,"template":"","format":"standard","meta":{"footnotes":""},"categories":[7],"tags":[],"class_list":["post-9517","post","type-post","status-publish","format-standard","has-post-thumbnail","hentry","category-ecologicas"],"_links":{"self":[{"href":"https:\/\/sertv.gob.pa\/crisolfm\/wp-json\/wp\/v2\/posts\/9517","targetHints":{"allow":["GET"]}}],"collection":[{"href":"https:\/\/sertv.gob.pa\/crisolfm\/wp-json\/wp\/v2\/posts"}],"about":[{"href":"https:\/\/sertv.gob.pa\/crisolfm\/wp-json\/wp\/v2\/types\/post"}],"author":[{"embeddable":true,"href":"https:\/\/sertv.gob.pa\/crisolfm\/wp-json\/wp\/v2\/users\/1"}],"replies":[{"embeddable":true,"href":"https:\/\/sertv.gob.pa\/crisolfm\/wp-json\/wp\/v2\/comments?post=9517"}],"version-history":[{"count":0,"href":"https:\/\/sertv.gob.pa\/crisolfm\/wp-json\/wp\/v2\/posts\/9517\/revisions"}],"wp:featuredmedia":[{"embeddable":true,"href":"https:\/\/sertv.gob.pa\/crisolfm\/wp-json\/wp\/v2\/media\/9518"}],"wp:attachment":[{"href":"https:\/\/sertv.gob.pa\/crisolfm\/wp-json\/wp\/v2\/media?parent=9517"}],"wp:term":[{"taxonomy":"category","embeddable":true,"href":"https:\/\/sertv.gob.pa\/crisolfm\/wp-json\/wp\/v2\/categories?post=9517"},{"taxonomy":"post_tag","embeddable":true,"href":"https:\/\/sertv.gob.pa\/crisolfm\/wp-json\/wp\/v2\/tags?post=9517"}],"curies":[{"name":"wp","href":"https:\/\/api.w.org\/{rel}","templated":true}]}}