{"id":9529,"date":"2017-09-28T21:26:48","date_gmt":"2017-09-28T21:26:48","guid":{"rendered":""},"modified":"2017-09-28T21:26:48","modified_gmt":"2017-09-28T21:26:48","slug":"volkswagen-preve-disminuir-su-impacto-medioambiental-un-45","status":"publish","type":"post","link":"https:\/\/sertv.gob.pa\/crisolfm\/volkswagen-preve-disminuir-su-impacto-medioambiental-un-45\/","title":{"rendered":"Volkswagen prev\u00e9 disminuir su impacto medioambiental un 45%"},"content":{"rendered":"<p>\nEl grupo automovil\u00edstico alem\u00e1n Volkswagen se ha propuesto reducir un 45% su impacto medioambiental para 2025 respecto a niveles de 2010, con el fin de volver a la \u00abcima\u00bb de los \u00edndices de sostenibilidad, seg\u00fan inform\u00f3 la empresa en un comunicado. <\/p>\n<p>El presidente del consorcio germano, Matthias M\u00fcller, defendi\u00f3 que la posici\u00f3n de la compa\u00f1\u00eda se sit\u00faa en contribuir \u00abdecisivamente\u00bb a mitigar el cambio clim\u00e1tico y a mejorar la calidad del aire en los centros urbanos. <\/p>\n<p>M\u00fcller matiz\u00f3 que para lograr este objetivo, el grupo no deber\u00e1 tan solo producir veh\u00edculos m\u00e1s \u00ablimpios y eficientes\u00bb con el medio ambiente, sino que el propio proceso de fabricaci\u00f3n igualmente desempe\u00f1ar\u00e1 un papel \u00abclave\u00bb. \u00abNo es solo lo que sale del tubo de escape lo que importa, sino tambi\u00e9n las materias primas y el reciclaje\u00bb, apunt\u00f3. <\/p>\n<p>De este modo, el presidente del grupo alem\u00e1n afirm\u00f3 que es bueno que la compa\u00f1\u00eda se comprometa en mejorar el medio ambiente y la sostenibilidad para recuperar la \u00abconfianza\u00bb que la empresa perdi\u00f3 luego del esc\u00e1ndalo del &#8216;dieselgate&#8217;. <\/p>\n<p>\u00a0 <\/p>\n<p>\u00a0 <\/p>\n","protected":false},"excerpt":{"rendered":"<p>El grupo automovil\u00edstico alem\u00e1n Volkswagen se ha propuesto reducir un <a href=\"https:\/\/sertv.gob.pa\/crisolfm\/volkswagen-preve-disminuir-su-impacto-medioambiental-un-45\/\"> [&#8230;]<\/a><\/p>\n","protected":false},"author":1,"featured_media":9530,"comment_status":"closed","ping_status":"closed","sticky":false,"template":"","format":"standard","meta":{"footnotes":""},"categories":[7],"tags":[],"class_list":["post-9529","post","type-post","status-publish","format-standard","has-post-thumbnail","hentry","category-ecologicas"],"_links":{"self":[{"href":"https:\/\/sertv.gob.pa\/crisolfm\/wp-json\/wp\/v2\/posts\/9529","targetHints":{"allow":["GET"]}}],"collection":[{"href":"https:\/\/sertv.gob.pa\/crisolfm\/wp-json\/wp\/v2\/posts"}],"about":[{"href":"https:\/\/sertv.gob.pa\/crisolfm\/wp-json\/wp\/v2\/types\/post"}],"author":[{"embeddable":true,"href":"https:\/\/sertv.gob.pa\/crisolfm\/wp-json\/wp\/v2\/users\/1"}],"replies":[{"embeddable":true,"href":"https:\/\/sertv.gob.pa\/crisolfm\/wp-json\/wp\/v2\/comments?post=9529"}],"version-history":[{"count":0,"href":"https:\/\/sertv.gob.pa\/crisolfm\/wp-json\/wp\/v2\/posts\/9529\/revisions"}],"wp:featuredmedia":[{"embeddable":true,"href":"https:\/\/sertv.gob.pa\/crisolfm\/wp-json\/wp\/v2\/media\/9530"}],"wp:attachment":[{"href":"https:\/\/sertv.gob.pa\/crisolfm\/wp-json\/wp\/v2\/media?parent=9529"}],"wp:term":[{"taxonomy":"category","embeddable":true,"href":"https:\/\/sertv.gob.pa\/crisolfm\/wp-json\/wp\/v2\/categories?post=9529"},{"taxonomy":"post_tag","embeddable":true,"href":"https:\/\/sertv.gob.pa\/crisolfm\/wp-json\/wp\/v2\/tags?post=9529"}],"curies":[{"name":"wp","href":"https:\/\/api.w.org\/{rel}","templated":true}]}}