{"id":9531,"date":"2017-09-29T16:04:30","date_gmt":"2017-09-29T16:04:30","guid":{"rendered":""},"modified":"2017-09-29T16:04:30","modified_gmt":"2017-09-29T16:04:30","slug":"huracan-lee-y-tormenta-maria-se-debilitan-en-el-atlantico","status":"publish","type":"post","link":"https:\/\/sertv.gob.pa\/crisolfm\/huracan-lee-y-tormenta-maria-se-debilitan-en-el-atlantico\/","title":{"rendered":"Hurac\u00e1n Lee y tormenta Mar\u00eda se debilitan en el Atl\u00e1ntico"},"content":{"rendered":"<p>\nEl hurac\u00e1n Lee, de categor\u00eda 1, y la tormenta tropical Mar\u00eda cedieron en las \u00faltimas horas parte de su fuerza mientras se dirigen hacia el este en aguas abiertas del Atl\u00e1ntico, inform\u00f3 hoy el Centro Nacional de Huracanes (CNH) de EEUU. <\/p>\n<p>En un bolet\u00edn emitido a las 08.00 hora local (12.00 GMT), los expertos del CNH se\u00f1alaron que Lee registr\u00f3 un ligero debilitamiento esta madrugada y tiene ahora vientos m\u00e1ximos sostenidos de 75 millas (120 kil\u00f3metros). <\/p>\n<p>Este cicl\u00f3n, que lleg\u00f3 a ser el quinto hurac\u00e1n de fuerza mayor de la temporada atl\u00e1ntica, se mueve con rapidez, 25 millas por hora (41 km\/h), hacia el noreste y se mantiene alejado de zonas habitadas. Los meteor\u00f3logos pronostican que as\u00ed seguir\u00e1 hasta que se degrade a tormenta tropical a lo largo del d\u00eda de hoy y se disipe este s\u00e1bado. <\/p>\n<p>Mar\u00eda, que golpe\u00f3 la pasada semana a la isla de Dominica como un hurac\u00e1n de categor\u00eda 5 en la escala Saffir-Simpson (la m\u00e1xima) y Puerto Rico de categor\u00eda 4, donde dej\u00f3 un saldo oficial de 16 v\u00edctimas mortales, con un total provisional de v\u00edctimas de medio centenar, presenta hoy unos vientos de 60 millas por hora (95 km\/h). <\/p>\n<p>Al igual que Lee, esta tormenta tropical se mueve a gran velocidad, 21 millas por hora (33 km\/h), aunque lo hace hacia el este, por lo que se prev\u00e9 que pierda fuerza m\u00e1s lentamente y sus efectos puedan llegar a notarse en Irlanda a inicios de la pr\u00f3xima semana luego de cruzar el Atl\u00e1ntico. <\/p>\n<p>Mar\u00eda, que se halla a unas 510 millas (825 km) al sur de Halifax (Canad\u00e1), podr\u00eda virar hacia el este-noreste y este s\u00e1bado degradarse todav\u00eda m\u00e1s cuando est\u00e9 ya en aguas del norte del oc\u00e9ano Atl\u00e1ntico. <\/p>\n<p>El \u00fanico peligro que genera Mar\u00eda, seg\u00fan el NHC, es el mar de fondo que provoca en buena parte de la costa este de EEUU, as\u00ed como la costa atl\u00e1ntica de Canad\u00e1 y el archipi\u00e9lago de Bermudas.\u00a0 <\/p>\n<p>\u00a0 <\/p>\n","protected":false},"excerpt":{"rendered":"<p>El hurac\u00e1n Lee, de categor\u00eda 1, y la tormenta tropical <a href=\"https:\/\/sertv.gob.pa\/crisolfm\/huracan-lee-y-tormenta-maria-se-debilitan-en-el-atlantico\/\"> [&#8230;]<\/a><\/p>\n","protected":false},"author":1,"featured_media":9532,"comment_status":"closed","ping_status":"closed","sticky":false,"template":"","format":"standard","meta":{"footnotes":""},"categories":[7],"tags":[],"class_list":["post-9531","post","type-post","status-publish","format-standard","has-post-thumbnail","hentry","category-ecologicas"],"_links":{"self":[{"href":"https:\/\/sertv.gob.pa\/crisolfm\/wp-json\/wp\/v2\/posts\/9531","targetHints":{"allow":["GET"]}}],"collection":[{"href":"https:\/\/sertv.gob.pa\/crisolfm\/wp-json\/wp\/v2\/posts"}],"about":[{"href":"https:\/\/sertv.gob.pa\/crisolfm\/wp-json\/wp\/v2\/types\/post"}],"author":[{"embeddable":true,"href":"https:\/\/sertv.gob.pa\/crisolfm\/wp-json\/wp\/v2\/users\/1"}],"replies":[{"embeddable":true,"href":"https:\/\/sertv.gob.pa\/crisolfm\/wp-json\/wp\/v2\/comments?post=9531"}],"version-history":[{"count":0,"href":"https:\/\/sertv.gob.pa\/crisolfm\/wp-json\/wp\/v2\/posts\/9531\/revisions"}],"wp:featuredmedia":[{"embeddable":true,"href":"https:\/\/sertv.gob.pa\/crisolfm\/wp-json\/wp\/v2\/media\/9532"}],"wp:attachment":[{"href":"https:\/\/sertv.gob.pa\/crisolfm\/wp-json\/wp\/v2\/media?parent=9531"}],"wp:term":[{"taxonomy":"category","embeddable":true,"href":"https:\/\/sertv.gob.pa\/crisolfm\/wp-json\/wp\/v2\/categories?post=9531"},{"taxonomy":"post_tag","embeddable":true,"href":"https:\/\/sertv.gob.pa\/crisolfm\/wp-json\/wp\/v2\/tags?post=9531"}],"curies":[{"name":"wp","href":"https:\/\/api.w.org\/{rel}","templated":true}]}}