{"id":9543,"date":"2017-09-29T18:51:00","date_gmt":"2017-09-29T18:51:00","guid":{"rendered":""},"modified":"2017-09-29T18:51:00","modified_gmt":"2017-09-29T18:51:00","slug":"la-plata-tendra-el-primer-cine-con-energia-solar-de-latinoamerica","status":"publish","type":"post","link":"https:\/\/sertv.gob.pa\/crisolfm\/la-plata-tendra-el-primer-cine-con-energia-solar-de-latinoamerica\/","title":{"rendered":"La Plata tendr\u00e1 el primer cine con energ\u00eda solar de Latinoam\u00e9rica"},"content":{"rendered":"<p>\nEl municipio platense, avanza con los trabajos en el \u00abEcoSelect\u00bb, la primera sala cinematogr\u00e1fica de Latinoam\u00e9rica abastecida con energ\u00eda solar que funcionar\u00e1 a partir de octubre en el Centro Cultural Islas Malvinas de la capital provincial. <\/p>\n<p>Con la colocaci\u00f3n de los paneles solares que nutrir\u00e1n de energ\u00eda al nuevo espacio del Cine Municipal Select, ubicado en el tradicional centro cultural Islas Malvinas, transforma a dicha sala en la tercera en su tipo en el mundo, luego de India y Estados Unidos, y la primera de Am\u00e9rica Latina. <\/p>\n<p>Al respecto, el secretario de Cultura y Educaci\u00f3n del Municipio, Gustavo Silva, remarc\u00f3: \u00abCon esta nueva sala, La Plata se posiciona como la segunda ciudad de Argentina que tendr\u00e1 dos espacios INCAA, y uno con energ\u00eda renovable\u00bb, y agreg\u00f3: \u00abDe esta manera, avanzamos en el desarrollo audiovisual, tecnol\u00f3gico y sustentable, contribuyendo con el medio ambiente\u00bb. <\/p>\n<p>Seg\u00fan se inform\u00f3, la sala contendr\u00e1 en su programaci\u00f3n al menos un 70% de proyecciones con entrada gratuita, mientras que el valor de los tickets pagos no superar\u00e1 el monto sugerido por el Instituto Nacional de Cine y Artes Audiovisuales (INCAA) para el Espacio INCAA de la regi\u00f3n. <\/p>\n<p>Tambi\u00e9n, a partir de un acuerdo entre la Secretar\u00eda de Cultura y Educaci\u00f3n municipal y Directores Argentinos Cinematogr\u00e1ficos se brindar\u00e1 exclusividad a aquellos directores adheridos a la entidad que requieran el espacio para efectuar pruebas t\u00e9cnicas, avant premiere, estrenos o conferencia de prensa de sus obras, entre otros eventos relacionados. <\/p>\n<p>\u00a0 <\/p>\n<p>\u00a0 <\/p>\n","protected":false},"excerpt":{"rendered":"<p>El municipio platense, avanza con los trabajos en el \u00abEcoSelect\u00bb, <a href=\"https:\/\/sertv.gob.pa\/crisolfm\/la-plata-tendra-el-primer-cine-con-energia-solar-de-latinoamerica\/\"> [&#8230;]<\/a><\/p>\n","protected":false},"author":1,"featured_media":9544,"comment_status":"closed","ping_status":"closed","sticky":false,"template":"","format":"standard","meta":{"footnotes":""},"categories":[7],"tags":[],"class_list":["post-9543","post","type-post","status-publish","format-standard","has-post-thumbnail","hentry","category-ecologicas"],"_links":{"self":[{"href":"https:\/\/sertv.gob.pa\/crisolfm\/wp-json\/wp\/v2\/posts\/9543","targetHints":{"allow":["GET"]}}],"collection":[{"href":"https:\/\/sertv.gob.pa\/crisolfm\/wp-json\/wp\/v2\/posts"}],"about":[{"href":"https:\/\/sertv.gob.pa\/crisolfm\/wp-json\/wp\/v2\/types\/post"}],"author":[{"embeddable":true,"href":"https:\/\/sertv.gob.pa\/crisolfm\/wp-json\/wp\/v2\/users\/1"}],"replies":[{"embeddable":true,"href":"https:\/\/sertv.gob.pa\/crisolfm\/wp-json\/wp\/v2\/comments?post=9543"}],"version-history":[{"count":0,"href":"https:\/\/sertv.gob.pa\/crisolfm\/wp-json\/wp\/v2\/posts\/9543\/revisions"}],"wp:featuredmedia":[{"embeddable":true,"href":"https:\/\/sertv.gob.pa\/crisolfm\/wp-json\/wp\/v2\/media\/9544"}],"wp:attachment":[{"href":"https:\/\/sertv.gob.pa\/crisolfm\/wp-json\/wp\/v2\/media?parent=9543"}],"wp:term":[{"taxonomy":"category","embeddable":true,"href":"https:\/\/sertv.gob.pa\/crisolfm\/wp-json\/wp\/v2\/categories?post=9543"},{"taxonomy":"post_tag","embeddable":true,"href":"https:\/\/sertv.gob.pa\/crisolfm\/wp-json\/wp\/v2\/tags?post=9543"}],"curies":[{"name":"wp","href":"https:\/\/api.w.org\/{rel}","templated":true}]}}