{"id":9549,"date":"2017-10-02T16:12:02","date_gmt":"2017-10-02T16:12:02","guid":{"rendered":""},"modified":"2017-10-02T16:12:02","modified_gmt":"2017-10-02T16:12:02","slug":"aviso-de-prevencion-de-lluvias-con-tormentas","status":"publish","type":"post","link":"https:\/\/sertv.gob.pa\/crisolfm\/aviso-de-prevencion-de-lluvias-con-tormentas\/","title":{"rendered":"Aviso de prevenci\u00f3n de lluvias con tormentas"},"content":{"rendered":"<p>\nEl Sistema Nacional de Protecci\u00f3n Civil (Sinaproc) y la Empresa de Transmisi\u00f3n El\u00e9ctrica (Etesa) emitieron este lunes un aviso de prevenci\u00f3n lluvias acompa\u00f1adas con actividad el\u00e9ctrica y r\u00e1fagas de vientos hasta el 3 de octubre. <\/p>\n<p>De acuerdo con informes de Etesa entre las zonas afectadas se hallan tierras altas y bajas, el golfo de Chiriqu\u00ed, comarca Ng\u00e4be Bugl\u00e9, Bocas del Toro, Veraguas, la bah\u00eda de Parita y la pen\u00ednsula de Azuero. <\/p>\n<p>EL Sinaproc advierte que de coincidir el mal tiempo con las mareas altas se puede dar crecida de r\u00edos y quebradas y los suelos pueden ser vulnerables a deslizamientos. <\/p>\n<p>Ante esto la entidad recomienda a la ciudadan\u00eda evitar cualquier actividad al aire libre y cuando se tenga conocimiento de la ocurrencia de descargas el\u00e9ctricas atmosf\u00e9ricas (rayos), buscar refugio. <\/p>\n<p>Si tiene la necesidad de cruzar o estar en la orilla de un r\u00edo, estar muy atento de las cabezas de agua, recalc\u00f3 la entidad.\u00a0\u00a0 <\/p>\n<p>\u00a0 <\/p>\n","protected":false},"excerpt":{"rendered":"<p>El Sistema Nacional de Protecci\u00f3n Civil (Sinaproc) y la Empresa <a href=\"https:\/\/sertv.gob.pa\/crisolfm\/aviso-de-prevencion-de-lluvias-con-tormentas\/\"> [&#8230;]<\/a><\/p>\n","protected":false},"author":1,"featured_media":9550,"comment_status":"closed","ping_status":"closed","sticky":false,"template":"","format":"standard","meta":{"footnotes":""},"categories":[7],"tags":[],"class_list":["post-9549","post","type-post","status-publish","format-standard","has-post-thumbnail","hentry","category-ecologicas"],"_links":{"self":[{"href":"https:\/\/sertv.gob.pa\/crisolfm\/wp-json\/wp\/v2\/posts\/9549","targetHints":{"allow":["GET"]}}],"collection":[{"href":"https:\/\/sertv.gob.pa\/crisolfm\/wp-json\/wp\/v2\/posts"}],"about":[{"href":"https:\/\/sertv.gob.pa\/crisolfm\/wp-json\/wp\/v2\/types\/post"}],"author":[{"embeddable":true,"href":"https:\/\/sertv.gob.pa\/crisolfm\/wp-json\/wp\/v2\/users\/1"}],"replies":[{"embeddable":true,"href":"https:\/\/sertv.gob.pa\/crisolfm\/wp-json\/wp\/v2\/comments?post=9549"}],"version-history":[{"count":0,"href":"https:\/\/sertv.gob.pa\/crisolfm\/wp-json\/wp\/v2\/posts\/9549\/revisions"}],"wp:featuredmedia":[{"embeddable":true,"href":"https:\/\/sertv.gob.pa\/crisolfm\/wp-json\/wp\/v2\/media\/9550"}],"wp:attachment":[{"href":"https:\/\/sertv.gob.pa\/crisolfm\/wp-json\/wp\/v2\/media?parent=9549"}],"wp:term":[{"taxonomy":"category","embeddable":true,"href":"https:\/\/sertv.gob.pa\/crisolfm\/wp-json\/wp\/v2\/categories?post=9549"},{"taxonomy":"post_tag","embeddable":true,"href":"https:\/\/sertv.gob.pa\/crisolfm\/wp-json\/wp\/v2\/tags?post=9549"}],"curies":[{"name":"wp","href":"https:\/\/api.w.org\/{rel}","templated":true}]}}