{"id":9565,"date":"2017-10-02T21:35:21","date_gmt":"2017-10-02T21:35:21","guid":{"rendered":""},"modified":"2017-10-02T21:35:21","modified_gmt":"2017-10-02T21:35:21","slug":"revelan-que-la-contaminacion-del-aire-aumenta-los-casos-de-demencia","status":"publish","type":"post","link":"https:\/\/sertv.gob.pa\/crisolfm\/revelan-que-la-contaminacion-del-aire-aumenta-los-casos-de-demencia\/","title":{"rendered":"Revelan que la contaminaci\u00f3n del aire aumenta los casos de demencia"},"content":{"rendered":"<p>\nLa contaminaci\u00f3n del aire y las enfermedades neurodegenerativas han sido vinculadas en estudios cient\u00edficos recientes. Una nueva investigaci\u00f3n sum\u00f3 otro argumento que demuestra c\u00f3mo la poluci\u00f3n influye directamente en la demencia. El trabajo estuvo a cargo de 12 investigadores que estudiaron un grupo de personas mayores de Ontario, Canad\u00e1, de 2001 a 2013. <\/p>\n<p>Hace doce a\u00f1os, los expertos eligieron a un grupo de aproximadamente 2,1 millones de personas. Los requisitos para la selecci\u00f3n fueron: que en 2001 tuvieran entre 55 y 85 a\u00f1os, fueran nacidos en el pa\u00eds norteamericano y no estuvieran diagnosticados con demencia. <\/p>\n<p>En la informaci\u00f3n sobre el grupo se aplic\u00f3 un algoritmo para medir la incidencia de la poluci\u00f3n en los diagn\u00f3sticos de demencia. A la vez, sus residencias fueron estudiadas a fin de estimar la exposici\u00f3n en la que viv\u00edan. Para luego cruzar estos datos con otros factores como la diabetes, las lesiones cerebrales y los ingresos del vecindario. <\/p>\n<p>La conclusi\u00f3n advirti\u00f3 que a pesar de que Ontario sea una de las ciudades con menos poluci\u00f3n en el mundo, su poblaci\u00f3n est\u00e1 un riesgo invisible. <\/p>\n<p>Durante los doce a\u00f1os de seguimiento, los investigadores contaron 257.816 casos de demencia diagnosticados, de los que el 6,1 % fueron atribuidos directamente a la contaminaci\u00f3n ambiental. Las fuentes de poluci\u00f3n principal fueron el material particulado m\u00e1s fino (PM 2.5) y el di\u00f3xido de nitr\u00f3geno. <\/p>\n<p>\u00a0 <\/p>\n<p>\u00a0 <\/p>\n","protected":false},"excerpt":{"rendered":"<p>La contaminaci\u00f3n del aire y las enfermedades neurodegenerativas han sido <a href=\"https:\/\/sertv.gob.pa\/crisolfm\/revelan-que-la-contaminacion-del-aire-aumenta-los-casos-de-demencia\/\"> [&#8230;]<\/a><\/p>\n","protected":false},"author":1,"featured_media":9566,"comment_status":"closed","ping_status":"closed","sticky":false,"template":"","format":"standard","meta":{"footnotes":""},"categories":[7],"tags":[],"class_list":["post-9565","post","type-post","status-publish","format-standard","has-post-thumbnail","hentry","category-ecologicas"],"_links":{"self":[{"href":"https:\/\/sertv.gob.pa\/crisolfm\/wp-json\/wp\/v2\/posts\/9565","targetHints":{"allow":["GET"]}}],"collection":[{"href":"https:\/\/sertv.gob.pa\/crisolfm\/wp-json\/wp\/v2\/posts"}],"about":[{"href":"https:\/\/sertv.gob.pa\/crisolfm\/wp-json\/wp\/v2\/types\/post"}],"author":[{"embeddable":true,"href":"https:\/\/sertv.gob.pa\/crisolfm\/wp-json\/wp\/v2\/users\/1"}],"replies":[{"embeddable":true,"href":"https:\/\/sertv.gob.pa\/crisolfm\/wp-json\/wp\/v2\/comments?post=9565"}],"version-history":[{"count":0,"href":"https:\/\/sertv.gob.pa\/crisolfm\/wp-json\/wp\/v2\/posts\/9565\/revisions"}],"wp:featuredmedia":[{"embeddable":true,"href":"https:\/\/sertv.gob.pa\/crisolfm\/wp-json\/wp\/v2\/media\/9566"}],"wp:attachment":[{"href":"https:\/\/sertv.gob.pa\/crisolfm\/wp-json\/wp\/v2\/media?parent=9565"}],"wp:term":[{"taxonomy":"category","embeddable":true,"href":"https:\/\/sertv.gob.pa\/crisolfm\/wp-json\/wp\/v2\/categories?post=9565"},{"taxonomy":"post_tag","embeddable":true,"href":"https:\/\/sertv.gob.pa\/crisolfm\/wp-json\/wp\/v2\/tags?post=9565"}],"curies":[{"name":"wp","href":"https:\/\/api.w.org\/{rel}","templated":true}]}}