{"id":9583,"date":"2017-10-04T16:15:48","date_gmt":"2017-10-04T16:15:48","guid":{"rendered":""},"modified":"2017-10-04T16:15:48","modified_gmt":"2017-10-04T16:15:48","slug":"lluvias-con-actividad-electrica-en-el-caribe-panameno","status":"publish","type":"post","link":"https:\/\/sertv.gob.pa\/crisolfm\/lluvias-con-actividad-electrica-en-el-caribe-panameno\/","title":{"rendered":"Lluvias con actividad el\u00e9ctrica en el caribe paname\u00f1o"},"content":{"rendered":"<p>\nLa Empresa de Transmisi\u00f3n El\u00e9ctrica S.A. (Etesa), \u00a0emiti\u00f3 un comunicado de prevenci\u00f3n de lluvia\u00a0de variada intensidad en toda la vertiente del Caribe acompa\u00f1ados con actividad el\u00e9ctrica ocasionales, con posibles r\u00e1fagas de vientos. <\/p>\n<p>Mientras que en la cordillera central, Chiriqu\u00ed tierras bajas y tierras altas, Golfo y Bah\u00eda de Panam\u00e1, Cocl\u00e9, Bah\u00eda de Parita, zona costera de Panam\u00e1 oeste, centro, este, Veraguas sur, Pen\u00ednsula de Azuero y Dari\u00e9n, el resto de la vertiente se va mantener \u00a0parcialmente nublado. <\/p>\n<p>Etesa aclara que el mes octubre se caracteriza por fuertes aguaceros acompa\u00f1ados de tormentas el\u00e9ctricas.\u00a0Los vientos del Pac\u00edfico o del suroeste son fuertes y los Alisios del noreste tambi\u00e9n. La confluencia de estos dos flujos sobre el pa\u00eds origina la formaci\u00f3n de nubes de gran desarrollo vertical. <\/p>\n<p>Se le recomienda a la poblaci\u00f3n que en condiciones de fuertes vientos con r\u00e1fagas, ubicarse en sitios seguros, que no est\u00e9n propensos a desprendimientos\u00a0de objetos y de ca\u00eddas de \u00e1rboles. <\/p>\n<p>Si hay\u00a0 actividad el\u00e9ctrica se deben alejar de espacios abiertos, torres, cualquier estructura met\u00e1lica, alejarse de costa y no ba\u00f1arse en piscinas, playas, r\u00edos, etc. <\/p>\n<p>Eviten refugiarse bajo los \u00e1rboles, evitar el uso de tel\u00e9fonos celulares y seguir las instrucciones de La Fuerza de Tareas Conjunta.\u00a0 <\/p>\n<p>\u00a0 <\/p>\n","protected":false},"excerpt":{"rendered":"<p>La Empresa de Transmisi\u00f3n El\u00e9ctrica S.A. (Etesa), \u00a0emiti\u00f3 un comunicado <a href=\"https:\/\/sertv.gob.pa\/crisolfm\/lluvias-con-actividad-electrica-en-el-caribe-panameno\/\"> [&#8230;]<\/a><\/p>\n","protected":false},"author":1,"featured_media":9584,"comment_status":"closed","ping_status":"closed","sticky":false,"template":"","format":"standard","meta":{"footnotes":""},"categories":[7],"tags":[],"class_list":["post-9583","post","type-post","status-publish","format-standard","has-post-thumbnail","hentry","category-ecologicas"],"_links":{"self":[{"href":"https:\/\/sertv.gob.pa\/crisolfm\/wp-json\/wp\/v2\/posts\/9583","targetHints":{"allow":["GET"]}}],"collection":[{"href":"https:\/\/sertv.gob.pa\/crisolfm\/wp-json\/wp\/v2\/posts"}],"about":[{"href":"https:\/\/sertv.gob.pa\/crisolfm\/wp-json\/wp\/v2\/types\/post"}],"author":[{"embeddable":true,"href":"https:\/\/sertv.gob.pa\/crisolfm\/wp-json\/wp\/v2\/users\/1"}],"replies":[{"embeddable":true,"href":"https:\/\/sertv.gob.pa\/crisolfm\/wp-json\/wp\/v2\/comments?post=9583"}],"version-history":[{"count":0,"href":"https:\/\/sertv.gob.pa\/crisolfm\/wp-json\/wp\/v2\/posts\/9583\/revisions"}],"wp:featuredmedia":[{"embeddable":true,"href":"https:\/\/sertv.gob.pa\/crisolfm\/wp-json\/wp\/v2\/media\/9584"}],"wp:attachment":[{"href":"https:\/\/sertv.gob.pa\/crisolfm\/wp-json\/wp\/v2\/media?parent=9583"}],"wp:term":[{"taxonomy":"category","embeddable":true,"href":"https:\/\/sertv.gob.pa\/crisolfm\/wp-json\/wp\/v2\/categories?post=9583"},{"taxonomy":"post_tag","embeddable":true,"href":"https:\/\/sertv.gob.pa\/crisolfm\/wp-json\/wp\/v2\/tags?post=9583"}],"curies":[{"name":"wp","href":"https:\/\/api.w.org\/{rel}","templated":true}]}}