{"id":9587,"date":"2017-10-04T16:43:52","date_gmt":"2017-10-04T16:43:52","guid":{"rendered":""},"modified":"2017-10-04T16:43:52","modified_gmt":"2017-10-04T16:43:52","slug":"utp-estudia-niveles-de-contaminacion-por-plasticos-en-los-mares","status":"publish","type":"post","link":"https:\/\/sertv.gob.pa\/crisolfm\/utp-estudia-niveles-de-contaminacion-por-plasticos-en-los-mares\/","title":{"rendered":"UTP estudia niveles de contaminaci\u00f3n por pl\u00e1sticos en los mares"},"content":{"rendered":"<p>\nJusto cuando el presidente Juan Carlos Varela anunci\u00f3 su veto parcial a la propuesta de ley que proh\u00edbe el uso de bolsas pl\u00e1sticas en los supermercados y comercios del pa\u00eds, la investigadora de la Universidad Tecnol\u00f3gica de Panam\u00e1 (UTP) Denise Delvalle de Borrero, alerta que &lsquo;en Panam\u00e1 podr\u00edamos estar comiendo nuestra propia basura, especialmente de pl\u00e1sticos y no lo sabemos&#8217;. <\/p>\n<p>Delvalle habl\u00f3 sobre el tema antes de participar en el I Foro &lsquo;Multisectorial de Experiencias e Iniciativas para disminuir el Impacto de los Desechos Pl\u00e1sticos en los Ecosistemas Marinos Costeros&#8217;, una iniciativa que promueve la conservaci\u00f3n de los ecosistemas marinos y la reducci\u00f3n de la contaminaci\u00f3n con pl\u00e1sticos en los oc\u00e9anos. <\/p>\n<p>Durante el encuentro, Delvalle de Borrero anunci\u00f3 que como parte de la campa\u00f1a de sensibilizaci\u00f3n ha empezado estudios (a dos a\u00f1os) , con el apoyo de Secretar\u00eda Nacional de Ciencia y Tecnolog\u00eda (Senacyt), para determinar la concentraci\u00f3n de micropl\u00e1sticos y la clase qu\u00edmica que existe en las aguas oc\u00e9anicas del Pac\u00edfico y el Atl\u00e1ntico paname\u00f1o. <\/p>\n<p>La investigadora adelant\u00f3 que para este estudio se han determinado zonas espec\u00edficas donde se considera se halla gran cantidad de micropl\u00e1sticos, por las actividades industriales que all\u00ed se realizan. <\/p>\n<p>La cient\u00edfica destac\u00f3 que el estudio tratar\u00e1 de establecer una l\u00ednea base sobre las concentraciones de ciertos pl\u00e1sticos en agua y sedimentos, monitoreando primeramente nueve puntos, cuatro en el Pac\u00edfico y cinco en el Atl\u00e1ntico, incluyendo la cuenca del Canal, (Panam\u00e1 y Col\u00f3n) porque all\u00ed se desarrollan muchas actividades que generan este tipo de microcontaminates pl\u00e1sticos. &lsquo;A los lados de la cuenca del Canal hay actividades industriales con mucho pl\u00e1sticos. Yo no lo sab\u00eda, pero el &lsquo;sand blasting&#8217; (proceso de limpieza industrial) no se hace con arena (sand) sino con pl\u00e1stico&#8217;, dijo. <\/p>\n<p>En cuanto al tipo de contaminantes que podr\u00edan estar en el \u00e1rea del Canal, expres\u00f3 que son pol\u00edmeros (que son pl\u00e1sticos) en tama\u00f1os muy peque\u00f1os que quedan disueltos en el agua, la arena o el mar, que se los vuelve a llevar arrastrados por las olas, generando contaminaci\u00f3n y riesgos para la salud de los oc\u00e9anos y humana. <\/p>\n<p>Las especies marinas, explic\u00f3 Denise Delvalle, &lsquo;confunden los pl\u00e1sticos con alimento y en entran en la cadena alimenticia en el punto primario del microplancton y nosotros somos los que estamos al final de esa cadena. As\u00ed que puede ser que muchas especies que ya estamos consumiendo, como camar\u00f3n, conchuelas, cangrejos, langostas, est\u00e9n ya contaminados con micopl\u00e1sticos. Entonces estar\u00edamos comiendo nuestra propia basura&#8217;. <\/p>\n<p>Sobre el tema, Tania Arosemena, de la Fundaci\u00f3n MarViva, plante\u00f3 que es evidente que en nuestras costas predominan los materiales pl\u00e1sticos desechables, los cuales afectan la salud de las especies marinas y de las poblaciones humanas, con impactos que pueden incidir en las econom\u00edas que giran en torno a nuestros oc\u00e9anos. <\/p>\n<p>Sin embargo, &lsquo;todav\u00eda estamos a tiempo, la soluci\u00f3n nos ata\u00f1e a todos desde el cambio de h\u00e1bitos de consumo hasta el apoyo de iniciativas que promueven las autoridades, el sector privado y la sociedad civil&#8217;, consider\u00f3 Arosemena, durante el foro, donde se firm\u00f3 la Declaraci\u00f3n &lsquo;Yo reduzco mi consumo de pl\u00e1stico desechable&#8217;. <\/p>\n<p>Alida Spadafora, de la Alcand\u00eda de Panam\u00e1, dijo que para afrontar el problema generado por la forma tradicional de gesti\u00f3n de los residuos s\u00f3lidos, la manera m\u00e1s efectiva de reducir la contaminaci\u00f3n y los costos inherentes a la disposici\u00f3n final de los desechos, parte de reducci\u00f3n en el consumo, la separaci\u00f3n en la fuente para reutilizaci\u00f3n o reciclaje y la compra de productos con mayor ciclo de vida. <\/p>\n<p>Se estima que el oc\u00e9ano recibe ocho millones de toneladas de pl\u00e1stico al a\u00f1o, lo que equivaldr\u00eda a verter un cami\u00f3n de basura cada minuto. Si sigue esa tendencia, para el 2030 ser\u00e1n dos camiones y para el 2050, cuatro. <\/p>\n<p>El foro, organizado por la Asamblea Nacional, la Alcald\u00eda y Marviva, se celebr\u00f3 a prop\u00f3sito del proyecto de ley 492, que elimina el uso de bolsas pl\u00e1sticas (de polietileno o material pl\u00e1stico convencional) en los supermercados y comercios del pa\u00eds, vetado este lunes por el presidente Juan Carlos Varela, pues considera que el polietileno es la base de todas las bolsas pl\u00e1sticas. <\/p>\n<p>&lsquo;Una bolsa biodegradable es confeccionada con ma\u00edz, yuca, ca\u00f1a, almid\u00f3n otro producto que sea biodegradable que es expuesto al ambiente, sol, agua&#8217;, detall\u00f3 Varela en el veto remitido a la Asamblea. <\/p>\n<p>\u00a0 <\/p>\n","protected":false},"excerpt":{"rendered":"<p>Justo cuando el presidente Juan Carlos Varela anunci\u00f3 su veto <a href=\"https:\/\/sertv.gob.pa\/crisolfm\/utp-estudia-niveles-de-contaminacion-por-plasticos-en-los-mares\/\"> [&#8230;]<\/a><\/p>\n","protected":false},"author":1,"featured_media":9588,"comment_status":"closed","ping_status":"closed","sticky":false,"template":"","format":"standard","meta":{"footnotes":""},"categories":[7],"tags":[],"class_list":["post-9587","post","type-post","status-publish","format-standard","has-post-thumbnail","hentry","category-ecologicas"],"_links":{"self":[{"href":"https:\/\/sertv.gob.pa\/crisolfm\/wp-json\/wp\/v2\/posts\/9587","targetHints":{"allow":["GET"]}}],"collection":[{"href":"https:\/\/sertv.gob.pa\/crisolfm\/wp-json\/wp\/v2\/posts"}],"about":[{"href":"https:\/\/sertv.gob.pa\/crisolfm\/wp-json\/wp\/v2\/types\/post"}],"author":[{"embeddable":true,"href":"https:\/\/sertv.gob.pa\/crisolfm\/wp-json\/wp\/v2\/users\/1"}],"replies":[{"embeddable":true,"href":"https:\/\/sertv.gob.pa\/crisolfm\/wp-json\/wp\/v2\/comments?post=9587"}],"version-history":[{"count":0,"href":"https:\/\/sertv.gob.pa\/crisolfm\/wp-json\/wp\/v2\/posts\/9587\/revisions"}],"wp:featuredmedia":[{"embeddable":true,"href":"https:\/\/sertv.gob.pa\/crisolfm\/wp-json\/wp\/v2\/media\/9588"}],"wp:attachment":[{"href":"https:\/\/sertv.gob.pa\/crisolfm\/wp-json\/wp\/v2\/media?parent=9587"}],"wp:term":[{"taxonomy":"category","embeddable":true,"href":"https:\/\/sertv.gob.pa\/crisolfm\/wp-json\/wp\/v2\/categories?post=9587"},{"taxonomy":"post_tag","embeddable":true,"href":"https:\/\/sertv.gob.pa\/crisolfm\/wp-json\/wp\/v2\/tags?post=9587"}],"curies":[{"name":"wp","href":"https:\/\/api.w.org\/{rel}","templated":true}]}}