{"id":9597,"date":"2017-10-04T20:46:31","date_gmt":"2017-10-04T20:46:31","guid":{"rendered":""},"modified":"2017-10-04T20:46:31","modified_gmt":"2017-10-04T20:46:31","slug":"celebraran-el-dia-de-los-animales-con-boda-felina","status":"publish","type":"post","link":"https:\/\/sertv.gob.pa\/crisolfm\/celebraran-el-dia-de-los-animales-con-boda-felina\/","title":{"rendered":"Celebrar\u00e1n el d\u00eda de los animales con boda felina"},"content":{"rendered":"<p>\nEn el a\u00f1o 1929, el 4 de octubre fue declarado D\u00eda Mundial de los Animales, por iniciativa de la Organizaci\u00f3n Mundial de Protecci\u00f3n Animal en congreso celebrado en Viena. <\/p>\n<p>En 1980 el papa\u00a0 Juan Pablo II , declar\u00f3 a san Francisco de As\u00eds patrono de los animales y de los ecologistas, momentos a partir del cual esta celebraci\u00f3n tom\u00f3 m\u00e1s auge a nivel mundial, celebr\u00e1ndose en muchos pa\u00edses con la \u00abbendici\u00f3n de las mascotas\u00bb. <\/p>\n<p>En Panam\u00e1 se celebrar\u00e1 esta fecha el domingo 8 de octubre en el Hotel Granada en los salones de Biergarten. <\/p>\n<p>Para esta particular actividad se invita a todas traer a sus mascotas conejos, perros, gatos,\u00a0 loros, pajaritos. <\/p>\n<p>Los amantes de los animales\u00a0celebrar\u00e1n con una \u00a0boda felina, siendo los afortunados \u00a0Carly Cat y Mr.Percy,\u00a0 acto que se har\u00e1 durante la bendici\u00f3n. <\/p>\n<p>La novia ir\u00e1 con vestido con perlas de rio y hasta sesi\u00f3n fotogr\u00e1fica. <\/p>\n<p>Un momento que no se deben perder los amantes de los animalitos. <\/p>\n<p>\u00a0 <\/p>\n","protected":false},"excerpt":{"rendered":"<p>En el a\u00f1o 1929, el 4 de octubre fue declarado <a href=\"https:\/\/sertv.gob.pa\/crisolfm\/celebraran-el-dia-de-los-animales-con-boda-felina\/\"> [&#8230;]<\/a><\/p>\n","protected":false},"author":1,"featured_media":9598,"comment_status":"closed","ping_status":"closed","sticky":false,"template":"","format":"standard","meta":{"footnotes":""},"categories":[7],"tags":[],"class_list":["post-9597","post","type-post","status-publish","format-standard","has-post-thumbnail","hentry","category-ecologicas"],"_links":{"self":[{"href":"https:\/\/sertv.gob.pa\/crisolfm\/wp-json\/wp\/v2\/posts\/9597","targetHints":{"allow":["GET"]}}],"collection":[{"href":"https:\/\/sertv.gob.pa\/crisolfm\/wp-json\/wp\/v2\/posts"}],"about":[{"href":"https:\/\/sertv.gob.pa\/crisolfm\/wp-json\/wp\/v2\/types\/post"}],"author":[{"embeddable":true,"href":"https:\/\/sertv.gob.pa\/crisolfm\/wp-json\/wp\/v2\/users\/1"}],"replies":[{"embeddable":true,"href":"https:\/\/sertv.gob.pa\/crisolfm\/wp-json\/wp\/v2\/comments?post=9597"}],"version-history":[{"count":0,"href":"https:\/\/sertv.gob.pa\/crisolfm\/wp-json\/wp\/v2\/posts\/9597\/revisions"}],"wp:featuredmedia":[{"embeddable":true,"href":"https:\/\/sertv.gob.pa\/crisolfm\/wp-json\/wp\/v2\/media\/9598"}],"wp:attachment":[{"href":"https:\/\/sertv.gob.pa\/crisolfm\/wp-json\/wp\/v2\/media?parent=9597"}],"wp:term":[{"taxonomy":"category","embeddable":true,"href":"https:\/\/sertv.gob.pa\/crisolfm\/wp-json\/wp\/v2\/categories?post=9597"},{"taxonomy":"post_tag","embeddable":true,"href":"https:\/\/sertv.gob.pa\/crisolfm\/wp-json\/wp\/v2\/tags?post=9597"}],"curies":[{"name":"wp","href":"https:\/\/api.w.org\/{rel}","templated":true}]}}