{"id":9705,"date":"2017-10-17T17:57:36","date_gmt":"2017-10-17T17:57:36","guid":{"rendered":""},"modified":"2017-10-17T17:57:36","modified_gmt":"2017-10-17T17:57:36","slug":"fernando-aramburu-premio-nacional-de-narrativa-por-patria","status":"publish","type":"post","link":"https:\/\/sertv.gob.pa\/crisolfm\/fernando-aramburu-premio-nacional-de-narrativa-por-patria\/","title":{"rendered":"Fernando Aramburu, premio Nacional de Narrativa por \u00abPatria\u00bb"},"content":{"rendered":"<p>\nCuando lo buscaron para decirle que hab\u00eda ganado el Premio Nacional de Narrativa,  Fernando Aramburu  (San Sebasti\u00e1n 1959) andaba paseando con su perra  Luna  en Hannover, la ciudad alemana adonde se fue enamorado hace veinte a\u00f1os. A  Luna  la llamo as\u00ed su hija menor y ahora est\u00e1 delicada de una pata, tanto que el autor de   Patria ,  la novela publicada por Tusquets con la que ha alcanzado este galard\u00f3n, en lugar de pasearla, tiene que llevarla en brazos. Por eso no estaba en casa y tuvo que esperar m\u00e1s de la cuenta hasta saber que, casi por unanimidad, este libro que ya premiaron la cr\u00edtica, el jurado del Umbral al libro del a\u00f1o, la prensa internacional e incluso el medio audiovisual (ser\u00e1 la primera serie de HBO Espa\u00f1a), lo ha distinguido el Ministerio de Educaci\u00f3n, Cultura y Deporte. <\/p>\n<p> Patria  es la historia metaf\u00f3rica de los a\u00f1os m\u00e1s oscuros de Euskadi, un libro centrado en un lugar simb\u00f3lico de todos los sitios que sufrieron esas d\u00e9cadas de dolor. Con un estilo que prolonga  Los peces de la amargura  (2006), su libro de relatos sobre el mismo asunto, <\/p>\n<p>Aramburu aborda las ra\u00edces en las que se asientan el odio y la maldad sembradas por ETA como factor principal de las desgracias de cuya realidad se nutre esta importante ficci\u00f3n. <\/p>\n<p>Aramburu, que narra con la precisi\u00f3n que habla (\u00ab\u00a1soy de Donosti!\u00bb), dedic\u00f3 m\u00e1s tiempo este mediod\u00eda a dolerse de la salud de su perra que a comentar el galard\u00f3n. En su novela est\u00e1 esa precisi\u00f3n camusiana que la cr\u00edtica reconoce en su estilo. Es dif\u00edcil imaginar que cambie con los premios. As\u00ed que recibi\u00f3 la noticia, la celebr\u00f3 como algo grande y se alegr\u00f3 tambi\u00e9n por los libreros y por sus editores. Juan Cerezo, su editor, se llev\u00f3 una alegr\u00eda que, dijo Aramburu, se merece en lugar preferente. <\/p>\n","protected":false},"excerpt":{"rendered":"<p>Cuando lo buscaron para decirle que hab\u00eda ganado el Premio <a href=\"https:\/\/sertv.gob.pa\/crisolfm\/fernando-aramburu-premio-nacional-de-narrativa-por-patria\/\"> [&#8230;]<\/a><\/p>\n","protected":false},"author":1,"featured_media":9706,"comment_status":"closed","ping_status":"closed","sticky":false,"template":"","format":"standard","meta":{"footnotes":""},"categories":[6],"tags":[],"class_list":["post-9705","post","type-post","status-publish","format-standard","has-post-thumbnail","hentry","category-culturales"],"_links":{"self":[{"href":"https:\/\/sertv.gob.pa\/crisolfm\/wp-json\/wp\/v2\/posts\/9705","targetHints":{"allow":["GET"]}}],"collection":[{"href":"https:\/\/sertv.gob.pa\/crisolfm\/wp-json\/wp\/v2\/posts"}],"about":[{"href":"https:\/\/sertv.gob.pa\/crisolfm\/wp-json\/wp\/v2\/types\/post"}],"author":[{"embeddable":true,"href":"https:\/\/sertv.gob.pa\/crisolfm\/wp-json\/wp\/v2\/users\/1"}],"replies":[{"embeddable":true,"href":"https:\/\/sertv.gob.pa\/crisolfm\/wp-json\/wp\/v2\/comments?post=9705"}],"version-history":[{"count":0,"href":"https:\/\/sertv.gob.pa\/crisolfm\/wp-json\/wp\/v2\/posts\/9705\/revisions"}],"wp:featuredmedia":[{"embeddable":true,"href":"https:\/\/sertv.gob.pa\/crisolfm\/wp-json\/wp\/v2\/media\/9706"}],"wp:attachment":[{"href":"https:\/\/sertv.gob.pa\/crisolfm\/wp-json\/wp\/v2\/media?parent=9705"}],"wp:term":[{"taxonomy":"category","embeddable":true,"href":"https:\/\/sertv.gob.pa\/crisolfm\/wp-json\/wp\/v2\/categories?post=9705"},{"taxonomy":"post_tag","embeddable":true,"href":"https:\/\/sertv.gob.pa\/crisolfm\/wp-json\/wp\/v2\/tags?post=9705"}],"curies":[{"name":"wp","href":"https:\/\/api.w.org\/{rel}","templated":true}]}}