{"id":9783,"date":"2017-10-24T16:37:23","date_gmt":"2017-10-24T16:37:23","guid":{"rendered":""},"modified":"2017-10-24T16:37:23","modified_gmt":"2017-10-24T16:37:23","slug":"en-lima-farmaceuticos-veran-avances-cientificos-y-tecnologicos","status":"publish","type":"post","link":"https:\/\/sertv.gob.pa\/crisolfm\/en-lima-farmaceuticos-veran-avances-cientificos-y-tecnologicos\/","title":{"rendered":"En Lima farmac\u00e9uticos ver\u00e1n avances cient\u00edficos y tecnol\u00f3gicos"},"content":{"rendered":"<p>\nFarmac\u00e9uticos de 22 pa\u00edses se reunir\u00e1n en Lima del 28 al 31 de octubre pr\u00f3ximo para participar en la XIX edici\u00f3n del Congreso de la Federaci\u00f3n Farmac\u00e9utica Sudamericana (FEFAS) y el Tercer Congreso Internacional de Ciencias Farmac\u00e9uticas, informaron \u00a0a Efe los organizadores de las citas. <\/p>\n<p>Las reuniones tendr\u00e1n como prop\u00f3sito analizar los \u00faltimos avances cient\u00edficos y tecnol\u00f3gicos en materia farmac\u00e9utica y promover el di\u00e1logo de los profesionales en esta \u00e1rea a nivel internacional, detall\u00f3 el Colegio Qu\u00edmico Farmac\u00e9utico del Per\u00fa. <\/p>\n<p>Participar\u00e1n representantes de Chile, Brasil, Costa Rica, Espa\u00f1a, Chile,\u00a0Panam\u00e1, Uruguay, Venezuela, M\u00e9xico, El Salvador, Estados Unidos, Ecuador, Guatemala, Cuba, Nicaragua, Honduras, Canad\u00e1, Bolivia, Argentina, Colombia, Paraguay y Per\u00fa. <\/p>\n<p>El XIX Congreso FEFAS plantea \u00abintegrar la labor del farmac\u00e9utico en las Am\u00e9ricas\u00bb a partir de la asimilaci\u00f3n de experiencias exitosas en la regi\u00f3n que permitan contribuir a mejorar la labor asistencial a los pacientes y revisar las experiencias de acad\u00e9micos de pa\u00edses como Estados Unidos y Espa\u00f1a, as\u00ed como de la Organizaci\u00f3n Mundial de la Salud (OMS). <\/p>\n<p>Se ver\u00e1n temas como Farmacia hospitalaria, Farmacia cl\u00ednica, Farmacia comunitaria, Atenci\u00f3n farmac\u00e9utica, Control de calidad, Industria farmac\u00e9utica, Dispositivos m\u00e9dicos, Cosm\u00e9ticos, Terapias farmacol\u00f3gicas novedosas, Regulaci\u00f3n y pol\u00edticas farmac\u00e9uticas, Alimentos, Productos naturales, Toxicolog\u00eda y Educaci\u00f3n Farmac\u00e9utica. <\/p>\n<p>La decana del Colegio Qu\u00edmico Farmac\u00e9utico del Per\u00fa, Amelia Villar, destac\u00f3 que estas reuniones \u00abconstituyen una importante oportunidad para ponerse al d\u00eda sobre los avances\u00bb de la industria farmac\u00e9utica internacional. <\/p>\n<p>Villar agreg\u00f3 que, paralelamente, de dictar\u00e1n cursos certificados que buscar\u00e1n que los profesionales m\u00e1s j\u00f3venes tambi\u00e9n se beneficien con la presencia de los especialistas internacionales. <\/p>\n<p>En las actividades se presentar\u00e1n m\u00e1s de 50 expositores y se celebrar\u00e1n 21 simposios, conferencias plenarias, actividades culturales y exposiciones de investigaciones nacionales y latinoamericanas.\u00a0 <\/p>\n","protected":false},"excerpt":{"rendered":"<p>Farmac\u00e9uticos de 22 pa\u00edses se reunir\u00e1n en Lima del 28 <a href=\"https:\/\/sertv.gob.pa\/crisolfm\/en-lima-farmaceuticos-veran-avances-cientificos-y-tecnologicos\/\"> [&#8230;]<\/a><\/p>\n","protected":false},"author":1,"featured_media":9784,"comment_status":"closed","ping_status":"closed","sticky":false,"template":"","format":"standard","meta":{"footnotes":""},"categories":[9],"tags":[],"class_list":["post-9783","post","type-post","status-publish","format-standard","has-post-thumbnail","hentry","category-varios"],"_links":{"self":[{"href":"https:\/\/sertv.gob.pa\/crisolfm\/wp-json\/wp\/v2\/posts\/9783","targetHints":{"allow":["GET"]}}],"collection":[{"href":"https:\/\/sertv.gob.pa\/crisolfm\/wp-json\/wp\/v2\/posts"}],"about":[{"href":"https:\/\/sertv.gob.pa\/crisolfm\/wp-json\/wp\/v2\/types\/post"}],"author":[{"embeddable":true,"href":"https:\/\/sertv.gob.pa\/crisolfm\/wp-json\/wp\/v2\/users\/1"}],"replies":[{"embeddable":true,"href":"https:\/\/sertv.gob.pa\/crisolfm\/wp-json\/wp\/v2\/comments?post=9783"}],"version-history":[{"count":0,"href":"https:\/\/sertv.gob.pa\/crisolfm\/wp-json\/wp\/v2\/posts\/9783\/revisions"}],"wp:featuredmedia":[{"embeddable":true,"href":"https:\/\/sertv.gob.pa\/crisolfm\/wp-json\/wp\/v2\/media\/9784"}],"wp:attachment":[{"href":"https:\/\/sertv.gob.pa\/crisolfm\/wp-json\/wp\/v2\/media?parent=9783"}],"wp:term":[{"taxonomy":"category","embeddable":true,"href":"https:\/\/sertv.gob.pa\/crisolfm\/wp-json\/wp\/v2\/categories?post=9783"},{"taxonomy":"post_tag","embeddable":true,"href":"https:\/\/sertv.gob.pa\/crisolfm\/wp-json\/wp\/v2\/tags?post=9783"}],"curies":[{"name":"wp","href":"https:\/\/api.w.org\/{rel}","templated":true}]}}