{"id":9825,"date":"2017-10-27T15:56:43","date_gmt":"2017-10-27T15:56:43","guid":{"rendered":""},"modified":"2017-10-27T15:56:43","modified_gmt":"2017-10-27T15:56:43","slug":"senacyt-lanza-ii-concurso-nacional-de-fotografia-cientifica","status":"publish","type":"post","link":"https:\/\/sertv.gob.pa\/crisolfm\/senacyt-lanza-ii-concurso-nacional-de-fotografia-cientifica\/","title":{"rendered":"SENACYT lanza II Concurso Nacional de Fotograf\u00eda Cient\u00edfica"},"content":{"rendered":"<p>\nLa Secretar\u00eda Nacional de Ciencia, Tecnolog\u00eda e Innovaci\u00f3n (SENACYT) anuncia el lanzamiento de la segunda versi\u00f3n del Concurso Nacional de Fotograf\u00eda Cient\u00edfica &ldquo;FotoCiencia&rdquo;. Esta iniciativa busca involucrar a la ciudadan\u00eda en la divulgaci\u00f3n y popularizaci\u00f3n de la ciencia y la tecnolog\u00eda en Panam\u00e1. <\/p>\n<p>El Concurso Nacional de Fotograf\u00eda Cient\u00edfica &ldquo;FotoCiencia&rdquo; fue lanzado por primera vez en el a\u00f1o 2015. En la primera edici\u00f3n, se recibieron m\u00e1s de 200 fotograf\u00edas a nivel nacional. Adem\u00e1s, se efectuaron exhibiciones itinerantes en La Plaza de la Ciudad del Saber, la Feria Internacional del Libro, el Congreso Nacional de Ciencia y Tecnolog\u00eda, y en Altaplaza Mall. <\/p>\n<p>La Ing. Milagro Mainieri, Secretaria Nacional Encargada de Ciencia, Tecnolog\u00eda e Innovaci\u00f3n, indic\u00f3 que este concurso forma parte de la iniciativa Arte y Ciencia, la cual tiene como prop\u00f3sito divulgar y popularizar la ciencia utilizando las expresiones art\u00edsticas. &ldquo;A trav\u00e9s de este concurso de fotograf\u00eda, buscamos despertar el inter\u00e9s de los paname\u00f1os y as\u00ed acercarlos a la ciencia y la tecnolog\u00eda&rdquo;, destac\u00f3 la Ing. Mainieri. <\/p>\n<p>Al igual que su primera versi\u00f3n, la segunda edici\u00f3n del Concurso &ldquo;FotoCiencia&rdquo; convoca a hombres y mujeres paname\u00f1os, mayores de 18 a\u00f1os, profesionales o aficionados de la fotograf\u00eda, a que participen con fotograf\u00edas relacionadas a la investigaci\u00f3n cient\u00edfica, la fotograf\u00eda microsc\u00f3pica y la ciencia en la vida diaria. <\/p>\n<p>A partir del 25 de octubre de 2017, los interesados en concursar podr\u00e1n subir sus fotograf\u00edas en la p\u00e1gina web  fotociencia.senacyt.gob.pa . La fecha de cierre del Concurso FotoCiencia es el 31 de enero de 2018. Para participar, los interesados deber\u00e1n crear un usuario en la plataforma web del concurso, llenar un formulario de inscripci\u00f3n electr\u00f3nico y cargar las fotograf\u00edas con su t\u00edtulo, categor\u00eda a participar y una breve descripci\u00f3n de las mismas. Los participantes podr\u00e1n aplicar en las tres categor\u00edas del concurso, si desean. <\/p>\n<p>Las fotograf\u00edas ser\u00e1n evaluadas por un jurado, el cual estar\u00e1 compuesto por profesionales tanto del \u00e1mbito cient\u00edfico como el \u00e1mbito art\u00edstico, que seleccionar\u00e1n las fotograf\u00edas ganadoras. <\/p>\n<p>Los autores de las fotograf\u00edas ganadoras ser\u00e1n acreedores de los siguientes premios: <\/p>\n<p>Primer lugar de las Categor\u00edas de Investigaci\u00f3n Cient\u00edfica, Fotograf\u00eda Microsc\u00f3pica y Ciencia en la Vida Diaria: B\/. 1,000.00 cada uno. <\/p>\n<p>Segundo lugar de las Categor\u00edas de Investigaci\u00f3n Cient\u00edfica, Fotograf\u00eda Microsc\u00f3pica y Ciencia en la Vida Diaria: B\/. 500.00 cada uno. <\/p>\n<p>Tercer lugar de las Categor\u00edas de Investigaci\u00f3n Cient\u00edfica, Fotograf\u00eda Microsc\u00f3pica y Ciencia en la Vida Diaria: B\/. 250.00 cada uno.\u00a0 <\/p>\n<p>Adem\u00e1s, se otorgar\u00e1 un Premio por Votaci\u00f3n Popular a la fotograf\u00eda que obtenga m\u00e1s &ldquo;corazones&rdquo; en la cuenta oficial de la SENACYT en Instagram. En esta segunda versi\u00f3n de &ldquo;FotoCiencia&rdquo;, se realizar\u00e1 el per\u00edodo de votaci\u00f3n previo a la fecha de cierre del concurso. El ganador recibir\u00e1 la suma de B\/. 250.00. <\/p>\n<p>Para mayor informaci\u00f3n sobre la segunda versi\u00f3n del Concurso Nacional de Fotograf\u00eda Cient\u00edfica &ldquo;FotoCiencia&rdquo;, visite la p\u00e1gina web:  fotociencia.senacyt.gob.pa . <\/p>\n<p>\u00a0 <\/p>\n","protected":false},"excerpt":{"rendered":"<p>La Secretar\u00eda Nacional de Ciencia, Tecnolog\u00eda e Innovaci\u00f3n (SENACYT) anuncia <a href=\"https:\/\/sertv.gob.pa\/crisolfm\/senacyt-lanza-ii-concurso-nacional-de-fotografia-cientifica\/\"> [&#8230;]<\/a><\/p>\n","protected":false},"author":1,"featured_media":9826,"comment_status":"closed","ping_status":"closed","sticky":false,"template":"","format":"standard","meta":{"footnotes":""},"categories":[9],"tags":[],"class_list":["post-9825","post","type-post","status-publish","format-standard","has-post-thumbnail","hentry","category-varios"],"_links":{"self":[{"href":"https:\/\/sertv.gob.pa\/crisolfm\/wp-json\/wp\/v2\/posts\/9825","targetHints":{"allow":["GET"]}}],"collection":[{"href":"https:\/\/sertv.gob.pa\/crisolfm\/wp-json\/wp\/v2\/posts"}],"about":[{"href":"https:\/\/sertv.gob.pa\/crisolfm\/wp-json\/wp\/v2\/types\/post"}],"author":[{"embeddable":true,"href":"https:\/\/sertv.gob.pa\/crisolfm\/wp-json\/wp\/v2\/users\/1"}],"replies":[{"embeddable":true,"href":"https:\/\/sertv.gob.pa\/crisolfm\/wp-json\/wp\/v2\/comments?post=9825"}],"version-history":[{"count":0,"href":"https:\/\/sertv.gob.pa\/crisolfm\/wp-json\/wp\/v2\/posts\/9825\/revisions"}],"wp:featuredmedia":[{"embeddable":true,"href":"https:\/\/sertv.gob.pa\/crisolfm\/wp-json\/wp\/v2\/media\/9826"}],"wp:attachment":[{"href":"https:\/\/sertv.gob.pa\/crisolfm\/wp-json\/wp\/v2\/media?parent=9825"}],"wp:term":[{"taxonomy":"category","embeddable":true,"href":"https:\/\/sertv.gob.pa\/crisolfm\/wp-json\/wp\/v2\/categories?post=9825"},{"taxonomy":"post_tag","embeddable":true,"href":"https:\/\/sertv.gob.pa\/crisolfm\/wp-json\/wp\/v2\/tags?post=9825"}],"curies":[{"name":"wp","href":"https:\/\/api.w.org\/{rel}","templated":true}]}}