{"id":10021,"date":"2016-01-15T16:05:50","date_gmt":"2016-01-15T16:05:50","guid":{"rendered":""},"modified":"2016-01-15T16:05:50","modified_gmt":"2016-01-15T16:05:50","slug":"casos-de-microcefalia-aumentan-en-brasil-ligados-a-brote-de-zika","status":"publish","type":"post","link":"https:\/\/sertv.gob.pa\/nacionalfm\/casos-de-microcefalia-aumentan-en-brasil-ligados-a-brote-de-zika\/","title":{"rendered":"Casos de microcefalia aumentan en Brasil ligados a brote de zika"},"content":{"rendered":"<p>\nEl Ministerio de Salud public\u00f3 un bolet\u00edn epidemiol\u00f3gico que muestra que los casos crecieron de 3 mil 174 a 3 mil 530 en una semana. <\/p>\n<p>M\u00e1s de  3 mil 500 beb\u00e9s  han nacido con microcefalia en Brasil desde que el gobierno empez\u00f3 a sospechar que el brote de la malformaci\u00f3n cong\u00e9nita estar\u00eda ligado al  virus del zika , informaron autoridades. <\/p>\n<p>Las autoridades de salud investigan los fallecimientos de 46 beb\u00e9s que presentaron la malformaci\u00f3n de nacimiento y que posiblemente est\u00e1n relacionadas al virus del zika, transmitido por el mismo mosquito que propaga el dengue y la chikungunya. <\/p>\n<p>La mayor\u00eda de los casos se concentran en la regi\u00f3n nordeste del pa\u00eds. <\/p>\n<p>\u00a0 <\/p>\n<p>\u00a0 <\/p>\n","protected":false},"excerpt":{"rendered":"<p>El Ministerio de Salud public\u00f3 un bolet\u00edn epidemiol\u00f3gico que muestra <a href=\"https:\/\/sertv.gob.pa\/nacionalfm\/casos-de-microcefalia-aumentan-en-brasil-ligados-a-brote-de-zika\/\"> [&#8230;]<\/a><\/p>\n","protected":false},"author":1,"featured_media":10022,"comment_status":"closed","ping_status":"closed","sticky":false,"template":"","format":"standard","meta":{"footnotes":""},"categories":[5],"tags":[],"class_list":["post-10021","post","type-post","status-publish","format-standard","has-post-thumbnail","hentry","category-salud"],"_links":{"self":[{"href":"https:\/\/sertv.gob.pa\/nacionalfm\/wp-json\/wp\/v2\/posts\/10021","targetHints":{"allow":["GET"]}}],"collection":[{"href":"https:\/\/sertv.gob.pa\/nacionalfm\/wp-json\/wp\/v2\/posts"}],"about":[{"href":"https:\/\/sertv.gob.pa\/nacionalfm\/wp-json\/wp\/v2\/types\/post"}],"author":[{"embeddable":true,"href":"https:\/\/sertv.gob.pa\/nacionalfm\/wp-json\/wp\/v2\/users\/1"}],"replies":[{"embeddable":true,"href":"https:\/\/sertv.gob.pa\/nacionalfm\/wp-json\/wp\/v2\/comments?post=10021"}],"version-history":[{"count":0,"href":"https:\/\/sertv.gob.pa\/nacionalfm\/wp-json\/wp\/v2\/posts\/10021\/revisions"}],"wp:featuredmedia":[{"embeddable":true,"href":"https:\/\/sertv.gob.pa\/nacionalfm\/wp-json\/wp\/v2\/media\/10022"}],"wp:attachment":[{"href":"https:\/\/sertv.gob.pa\/nacionalfm\/wp-json\/wp\/v2\/media?parent=10021"}],"wp:term":[{"taxonomy":"category","embeddable":true,"href":"https:\/\/sertv.gob.pa\/nacionalfm\/wp-json\/wp\/v2\/categories?post=10021"},{"taxonomy":"post_tag","embeddable":true,"href":"https:\/\/sertv.gob.pa\/nacionalfm\/wp-json\/wp\/v2\/tags?post=10021"}],"curies":[{"name":"wp","href":"https:\/\/api.w.org\/{rel}","templated":true}]}}