{"id":10025,"date":"2016-01-15T16:11:49","date_gmt":"2016-01-15T16:11:49","guid":{"rendered":""},"modified":"2016-01-15T16:11:49","modified_gmt":"2016-01-15T16:11:49","slug":"nuevo-caso-de-ebola-se-registra-en-sierra-leona","status":"publish","type":"post","link":"https:\/\/sertv.gob.pa\/nacionalfm\/nuevo-caso-de-ebola-se-registra-en-sierra-leona\/","title":{"rendered":"Nuevo caso de \u00e9bola se registra en Sierra Leona"},"content":{"rendered":"<p>\nEl Ministerio de Salud de Sierra Leona ha confirmado hoy viernes que el pa\u00eds ha registrado un nuevo caso de  \u00e9bola , horas despu\u00e9s de que la  Organizaci\u00f3n Mundial de la Salud (OMS)  declarara el  fin del brote del mal en Africa Occidental . <\/p>\n<p>Una estudiante de 22 a\u00f1os de edad se contagi\u00f3 en Bamoi, Lumor, una comunidad cercana a la frontera guineana, en el distrito de Kambia, y fue llevada a Magburaka en el distrito de Tonkolili para recibir tratamiento, donde muri\u00f3 posteriormente, expres\u00f3 Abdulai Baraytay, portavoz del Ministerio. <\/p>\n<p>Baratay dijo que la muestra de la mujer fue examinada y dio positivo para el virus del \u00e9bola. <\/p>\n<p>Langoba Keili, un funcionario de la Oficina de Seguridad Nacional, dijo a Xinhua que no hay necesidad de alarma, ya que el Centro de Operaciones de Emergencia se encuentra ya sobre el terreno para investigar el asunto, y existen suficientes recursos para contener cualquier reaparici\u00f3n de la enfermedad. <\/p>\n<p>\u00abSe han aislado a los familiares inmediatos para su adecuada monitorizaci\u00f3n\u00bb, dijo, a\u00f1adiendo que todos los centros de aislamiento y tratamiento est\u00e1n abiertos y preparados. <\/p>\n<p>Sierra Leona fue declarada libre de \u00e9bola por la OMS el pasado 7 de noviembre.\u00a0 <\/p>\n<p>\u00a0 <\/p>\n<p>\u00a0 <\/p>\n","protected":false},"excerpt":{"rendered":"<p>El Ministerio de Salud de Sierra Leona ha confirmado hoy <a href=\"https:\/\/sertv.gob.pa\/nacionalfm\/nuevo-caso-de-ebola-se-registra-en-sierra-leona\/\"> [&#8230;]<\/a><\/p>\n","protected":false},"author":1,"featured_media":10026,"comment_status":"closed","ping_status":"closed","sticky":false,"template":"","format":"standard","meta":{"footnotes":""},"categories":[5],"tags":[],"class_list":["post-10025","post","type-post","status-publish","format-standard","has-post-thumbnail","hentry","category-salud"],"_links":{"self":[{"href":"https:\/\/sertv.gob.pa\/nacionalfm\/wp-json\/wp\/v2\/posts\/10025","targetHints":{"allow":["GET"]}}],"collection":[{"href":"https:\/\/sertv.gob.pa\/nacionalfm\/wp-json\/wp\/v2\/posts"}],"about":[{"href":"https:\/\/sertv.gob.pa\/nacionalfm\/wp-json\/wp\/v2\/types\/post"}],"author":[{"embeddable":true,"href":"https:\/\/sertv.gob.pa\/nacionalfm\/wp-json\/wp\/v2\/users\/1"}],"replies":[{"embeddable":true,"href":"https:\/\/sertv.gob.pa\/nacionalfm\/wp-json\/wp\/v2\/comments?post=10025"}],"version-history":[{"count":0,"href":"https:\/\/sertv.gob.pa\/nacionalfm\/wp-json\/wp\/v2\/posts\/10025\/revisions"}],"wp:featuredmedia":[{"embeddable":true,"href":"https:\/\/sertv.gob.pa\/nacionalfm\/wp-json\/wp\/v2\/media\/10026"}],"wp:attachment":[{"href":"https:\/\/sertv.gob.pa\/nacionalfm\/wp-json\/wp\/v2\/media?parent=10025"}],"wp:term":[{"taxonomy":"category","embeddable":true,"href":"https:\/\/sertv.gob.pa\/nacionalfm\/wp-json\/wp\/v2\/categories?post=10025"},{"taxonomy":"post_tag","embeddable":true,"href":"https:\/\/sertv.gob.pa\/nacionalfm\/wp-json\/wp\/v2\/tags?post=10025"}],"curies":[{"name":"wp","href":"https:\/\/api.w.org\/{rel}","templated":true}]}}