{"id":10049,"date":"2016-01-18T16:14:22","date_gmt":"2016-01-18T16:14:22","guid":{"rendered":""},"modified":"2016-01-18T16:14:22","modified_gmt":"2016-01-18T16:14:22","slug":"en-chiriqui-confirman-15-casos-de-ah1n1","status":"publish","type":"post","link":"https:\/\/sertv.gob.pa\/nacionalfm\/en-chiriqui-confirman-15-casos-de-ah1n1\/","title":{"rendered":"En Chiriqu\u00ed confirman 15 casos de AH1N1"},"content":{"rendered":"<p>\nLas autoridades de salud en la provincia de Chiriqu\u00ed confirmaron la existencia de 15 casos por el virus AH1N1, \u00a0entre esos la defunci\u00f3n de un extranjero de nacionalidad cubana y otro de la misma nacionalidad en estado delicado. <\/p>\n<p>Ericka Fergunson, del Departamento de Epidemiolog\u00eda del Minsa, clasific\u00f3 los casos del virus AH1N1 como una defunci\u00f3n, un paciente en estado delicado con dificultad respiratoria, 13 con s\u00edntomas gripales quienes dieron positivo con el virus y dos casos que est\u00e1n en estudios para conocer si se est\u00e1 ante dos nuevos casos. <\/p>\n<p>De los casos registrados, el Minsa dijo que dos de estas personas son de nacionalidad cubana, mientras que el resto de la poblaci\u00f3n es paname\u00f1a. <\/p>\n<p>Los casos registrados en su mayor\u00eda corresponden a los distritos de Boquer\u00f3n y Bar\u00fa, este \u00faltimo por tratarse de una zona fronteriza donde el flujo de personas de un lado a otro es constante y donde Costa Rica presenta varios casos del virus <\/p>\n<p>El Ministerio de Salud manifest\u00f3 que es importante que la poblaci\u00f3n no baje la guardia y contin\u00fae las medidas de higiene como el lavado de manos, evitar el contacto de saludos con otras personas y la vacunaci\u00f3n de personas mayores, ni\u00f1os y embarazadas, principalmente. <\/p>\n<p>\u00a0 <\/p>\n<p>\u00a0 <\/p>\n","protected":false},"excerpt":{"rendered":"<p>Las autoridades de salud en la provincia de Chiriqu\u00ed confirmaron <a href=\"https:\/\/sertv.gob.pa\/nacionalfm\/en-chiriqui-confirman-15-casos-de-ah1n1\/\"> [&#8230;]<\/a><\/p>\n","protected":false},"author":1,"featured_media":10050,"comment_status":"closed","ping_status":"closed","sticky":false,"template":"","format":"standard","meta":{"footnotes":""},"categories":[5],"tags":[],"class_list":["post-10049","post","type-post","status-publish","format-standard","has-post-thumbnail","hentry","category-salud"],"_links":{"self":[{"href":"https:\/\/sertv.gob.pa\/nacionalfm\/wp-json\/wp\/v2\/posts\/10049","targetHints":{"allow":["GET"]}}],"collection":[{"href":"https:\/\/sertv.gob.pa\/nacionalfm\/wp-json\/wp\/v2\/posts"}],"about":[{"href":"https:\/\/sertv.gob.pa\/nacionalfm\/wp-json\/wp\/v2\/types\/post"}],"author":[{"embeddable":true,"href":"https:\/\/sertv.gob.pa\/nacionalfm\/wp-json\/wp\/v2\/users\/1"}],"replies":[{"embeddable":true,"href":"https:\/\/sertv.gob.pa\/nacionalfm\/wp-json\/wp\/v2\/comments?post=10049"}],"version-history":[{"count":0,"href":"https:\/\/sertv.gob.pa\/nacionalfm\/wp-json\/wp\/v2\/posts\/10049\/revisions"}],"wp:featuredmedia":[{"embeddable":true,"href":"https:\/\/sertv.gob.pa\/nacionalfm\/wp-json\/wp\/v2\/media\/10050"}],"wp:attachment":[{"href":"https:\/\/sertv.gob.pa\/nacionalfm\/wp-json\/wp\/v2\/media?parent=10049"}],"wp:term":[{"taxonomy":"category","embeddable":true,"href":"https:\/\/sertv.gob.pa\/nacionalfm\/wp-json\/wp\/v2\/categories?post=10049"},{"taxonomy":"post_tag","embeddable":true,"href":"https:\/\/sertv.gob.pa\/nacionalfm\/wp-json\/wp\/v2\/tags?post=10049"}],"curies":[{"name":"wp","href":"https:\/\/api.w.org\/{rel}","templated":true}]}}