{"id":1007,"date":"2014-08-13T05:00:00","date_gmt":"2014-08-13T05:00:00","guid":{"rendered":""},"modified":"2014-08-13T05:00:00","modified_gmt":"2014-08-13T05:00:00","slug":"murcielagos-posibles-transmisores-del-virus-del-ebola-en-africa","status":"publish","type":"post","link":"https:\/\/sertv.gob.pa\/nacionalfm\/murcielagos-posibles-transmisores-del-virus-del-ebola-en-africa\/","title":{"rendered":"Murci\u00e9lagos posibles transmisores del virus del \u00e9bola en \u00c1frica"},"content":{"rendered":"<p>\n\u00a0Se considera que los murci\u00e9lagos frug\u00edvoros, en particular Hypsignathus monstrosus, Epomops franqueti y Myonycteris torquata, son posiblemente los hu\u00e9spedes naturales del virus del \u00e9bola en \u00c1frica. Por ello, la distribuci\u00f3n geogr\u00e1fica de los ebolavirus puede coincidir, inicialmente, con la de dichos murci\u00e9lagos.\u00a0 @nacionalFm <\/p>\n<p>\u00a0 <\/p>\n","protected":false},"excerpt":{"rendered":"<p>\u00a0Se considera que los murci\u00e9lagos frug\u00edvoros, en particular Hypsignathus monstrosus, <a href=\"https:\/\/sertv.gob.pa\/nacionalfm\/murcielagos-posibles-transmisores-del-virus-del-ebola-en-africa\/\"> [&#8230;]<\/a><\/p>\n","protected":false},"author":1,"featured_media":1008,"comment_status":"closed","ping_status":"closed","sticky":false,"template":"","format":"standard","meta":{"footnotes":""},"categories":[5],"tags":[],"class_list":["post-1007","post","type-post","status-publish","format-standard","has-post-thumbnail","hentry","category-salud"],"_links":{"self":[{"href":"https:\/\/sertv.gob.pa\/nacionalfm\/wp-json\/wp\/v2\/posts\/1007","targetHints":{"allow":["GET"]}}],"collection":[{"href":"https:\/\/sertv.gob.pa\/nacionalfm\/wp-json\/wp\/v2\/posts"}],"about":[{"href":"https:\/\/sertv.gob.pa\/nacionalfm\/wp-json\/wp\/v2\/types\/post"}],"author":[{"embeddable":true,"href":"https:\/\/sertv.gob.pa\/nacionalfm\/wp-json\/wp\/v2\/users\/1"}],"replies":[{"embeddable":true,"href":"https:\/\/sertv.gob.pa\/nacionalfm\/wp-json\/wp\/v2\/comments?post=1007"}],"version-history":[{"count":0,"href":"https:\/\/sertv.gob.pa\/nacionalfm\/wp-json\/wp\/v2\/posts\/1007\/revisions"}],"wp:featuredmedia":[{"embeddable":true,"href":"https:\/\/sertv.gob.pa\/nacionalfm\/wp-json\/wp\/v2\/media\/1008"}],"wp:attachment":[{"href":"https:\/\/sertv.gob.pa\/nacionalfm\/wp-json\/wp\/v2\/media?parent=1007"}],"wp:term":[{"taxonomy":"category","embeddable":true,"href":"https:\/\/sertv.gob.pa\/nacionalfm\/wp-json\/wp\/v2\/categories?post=1007"},{"taxonomy":"post_tag","embeddable":true,"href":"https:\/\/sertv.gob.pa\/nacionalfm\/wp-json\/wp\/v2\/tags?post=1007"}],"curies":[{"name":"wp","href":"https:\/\/api.w.org\/{rel}","templated":true}]}}