{"id":10075,"date":"2016-01-19T16:07:42","date_gmt":"2016-01-19T16:07:42","guid":{"rendered":""},"modified":"2016-01-19T16:07:42","modified_gmt":"2016-01-19T16:07:42","slug":"ops-recomienda-monitorear-sindromes-neurologicos-y-anomalias-congenitas","status":"publish","type":"post","link":"https:\/\/sertv.gob.pa\/nacionalfm\/ops-recomienda-monitorear-sindromes-neurologicos-y-anomalias-congenitas\/","title":{"rendered":"OPS recomienda monitorear s\u00edndromes neurol\u00f3gicos y anomal\u00edas cong\u00e9nitas"},"content":{"rendered":"<p>\nLa Organizaci\u00f3n Panamericana de la Salud ( OPS ) recomienda a sus pa\u00edses miembros monitorear y notificar cualquier incremento de s\u00edndromes neurol\u00f3gicos y anomal\u00edas cong\u00e9nitas, ya que podr\u00edan estar vinculados a las infecciones del  virus del Zika , ahora circulando en unos 18 pa\u00edses. <\/p>\n<p>El \u00faltimo informe de la OPS detalla que los territorios confirmados en donde circula el virus son: Brasil, Barbados, Colombia, Ecuador, El Salvador, Guatemala, Guyana, Guyana Francesa, Hait\u00ed, Honduras, Martinica, M\u00e9xico,  Panam\u00e1 , Paraguay, Puerto Rico, San Mart\u00edn, Surinam y Venezuela. <\/p>\n<p>Igualmente, la OPS insta a estas naciones a preparar todos los servicios de salud para responder a un posible aumento de personas afectadas por el  Zika , a fortalecer el cuidado prenatal, adem\u00e1s de continuar \u00a0reduciendo la presencia del mosquito transmisor. <\/p>\n<p>\u00a0 <\/p>\n<p>\u00a0 <\/p>\n","protected":false},"excerpt":{"rendered":"<p>La Organizaci\u00f3n Panamericana de la Salud ( OPS ) recomienda <a href=\"https:\/\/sertv.gob.pa\/nacionalfm\/ops-recomienda-monitorear-sindromes-neurologicos-y-anomalias-congenitas\/\"> [&#8230;]<\/a><\/p>\n","protected":false},"author":1,"featured_media":10076,"comment_status":"closed","ping_status":"closed","sticky":false,"template":"","format":"standard","meta":{"footnotes":""},"categories":[5],"tags":[],"class_list":["post-10075","post","type-post","status-publish","format-standard","has-post-thumbnail","hentry","category-salud"],"_links":{"self":[{"href":"https:\/\/sertv.gob.pa\/nacionalfm\/wp-json\/wp\/v2\/posts\/10075","targetHints":{"allow":["GET"]}}],"collection":[{"href":"https:\/\/sertv.gob.pa\/nacionalfm\/wp-json\/wp\/v2\/posts"}],"about":[{"href":"https:\/\/sertv.gob.pa\/nacionalfm\/wp-json\/wp\/v2\/types\/post"}],"author":[{"embeddable":true,"href":"https:\/\/sertv.gob.pa\/nacionalfm\/wp-json\/wp\/v2\/users\/1"}],"replies":[{"embeddable":true,"href":"https:\/\/sertv.gob.pa\/nacionalfm\/wp-json\/wp\/v2\/comments?post=10075"}],"version-history":[{"count":0,"href":"https:\/\/sertv.gob.pa\/nacionalfm\/wp-json\/wp\/v2\/posts\/10075\/revisions"}],"wp:featuredmedia":[{"embeddable":true,"href":"https:\/\/sertv.gob.pa\/nacionalfm\/wp-json\/wp\/v2\/media\/10076"}],"wp:attachment":[{"href":"https:\/\/sertv.gob.pa\/nacionalfm\/wp-json\/wp\/v2\/media?parent=10075"}],"wp:term":[{"taxonomy":"category","embeddable":true,"href":"https:\/\/sertv.gob.pa\/nacionalfm\/wp-json\/wp\/v2\/categories?post=10075"},{"taxonomy":"post_tag","embeddable":true,"href":"https:\/\/sertv.gob.pa\/nacionalfm\/wp-json\/wp\/v2\/tags?post=10075"}],"curies":[{"name":"wp","href":"https:\/\/api.w.org\/{rel}","templated":true}]}}