{"id":10079,"date":"2016-01-19T16:16:29","date_gmt":"2016-01-19T16:16:29","guid":{"rendered":""},"modified":"2016-01-19T16:16:29","modified_gmt":"2016-01-19T16:16:29","slug":"sintomas-del-virus-zika-y-como-se-transmite","status":"publish","type":"post","link":"https:\/\/sertv.gob.pa\/nacionalfm\/sintomas-del-virus-zika-y-como-se-transmite\/","title":{"rendered":"S\u00edntomas del virus zika y c\u00f3mo se transmite"},"content":{"rendered":"<p>\nS\u00f3lo uno de cada cinco infectados por el Zika desarrolla los s\u00edntomas, que suelen aparecer entre dos y siete d\u00edas luego de haber contra\u00eddo la enfermedad. <\/p>\n<p> Fiebre leve y erupciones en la piel son las manifestaciones m\u00e1s frecuentes  de la enfermedad. <\/p>\n<p>A veces vienen acompa\u00f1adas de malestar general, conjuntivitis y dolor en m\u00fasculos y articulaciones. Igualmente se han dado casos con dolor de cabeza y v\u00f3mitos. <\/p>\n<p>Dado que muchos de estos s\u00edntomas se presentan en casos de dengue y de chikungunya, pueden ser necesarias pruebas de sangre para confirmar el diagn\u00f3stico, por lo que se recomienda consultar con un m\u00e9dico. <\/p>\n<p>\u00bfC\u00f3mo se transmite? <\/p>\n<p>La picadura de un mosquito \u00abAedes aegypti\u00bb infectado &ndash;el mismo que transmite el dengue y la chikungunya&ndash; es la principal v\u00eda de contagio. <\/p>\n<p>\u00a0 <\/p>\n","protected":false},"excerpt":{"rendered":"<p>S\u00f3lo uno de cada cinco infectados por el Zika desarrolla <a href=\"https:\/\/sertv.gob.pa\/nacionalfm\/sintomas-del-virus-zika-y-como-se-transmite\/\"> [&#8230;]<\/a><\/p>\n","protected":false},"author":1,"featured_media":10080,"comment_status":"closed","ping_status":"closed","sticky":false,"template":"","format":"standard","meta":{"footnotes":""},"categories":[5],"tags":[],"class_list":["post-10079","post","type-post","status-publish","format-standard","has-post-thumbnail","hentry","category-salud"],"_links":{"self":[{"href":"https:\/\/sertv.gob.pa\/nacionalfm\/wp-json\/wp\/v2\/posts\/10079","targetHints":{"allow":["GET"]}}],"collection":[{"href":"https:\/\/sertv.gob.pa\/nacionalfm\/wp-json\/wp\/v2\/posts"}],"about":[{"href":"https:\/\/sertv.gob.pa\/nacionalfm\/wp-json\/wp\/v2\/types\/post"}],"author":[{"embeddable":true,"href":"https:\/\/sertv.gob.pa\/nacionalfm\/wp-json\/wp\/v2\/users\/1"}],"replies":[{"embeddable":true,"href":"https:\/\/sertv.gob.pa\/nacionalfm\/wp-json\/wp\/v2\/comments?post=10079"}],"version-history":[{"count":0,"href":"https:\/\/sertv.gob.pa\/nacionalfm\/wp-json\/wp\/v2\/posts\/10079\/revisions"}],"wp:featuredmedia":[{"embeddable":true,"href":"https:\/\/sertv.gob.pa\/nacionalfm\/wp-json\/wp\/v2\/media\/10080"}],"wp:attachment":[{"href":"https:\/\/sertv.gob.pa\/nacionalfm\/wp-json\/wp\/v2\/media?parent=10079"}],"wp:term":[{"taxonomy":"category","embeddable":true,"href":"https:\/\/sertv.gob.pa\/nacionalfm\/wp-json\/wp\/v2\/categories?post=10079"},{"taxonomy":"post_tag","embeddable":true,"href":"https:\/\/sertv.gob.pa\/nacionalfm\/wp-json\/wp\/v2\/tags?post=10079"}],"curies":[{"name":"wp","href":"https:\/\/api.w.org\/{rel}","templated":true}]}}