{"id":1009,"date":"2014-08-13T05:00:00","date_gmt":"2014-08-13T05:00:00","guid":{"rendered":""},"modified":"2014-08-13T05:00:00","modified_gmt":"2014-08-13T05:00:00","slug":"el-aceite-de-mani-ocasiona-reacciones-alergicas","status":"publish","type":"post","link":"https:\/\/sertv.gob.pa\/nacionalfm\/el-aceite-de-mani-ocasiona-reacciones-alergicas\/","title":{"rendered":"El aceite de man\u00ed ocasiona reacciones al\u00e9rgicas"},"content":{"rendered":"<p>\nRepresentantes de la Direcci\u00f3n de Farmacias y Drogas, del Ministerior de Salud, advirtieron a los profesionales de la salud sobre el riesgo de reacciones al\u00e9rgicas asociadas al uso del aceite de man\u00ed. <\/p>\n<p>La informaci\u00f3n difundida se basa en una alerta de la Autoridad de Seguridad de Medicamentos y Dispositivos M\u00e9dicos de Nueva Zelanda (Medsafe), a trav\u00e9s del Centro de Monitorizaci\u00f3n de Reacciones Adversas (CARM), que report\u00f3 de una reacci\u00f3n al\u00e9rgica de un paciente, tras recibir una primera dosis de un f\u00e1rmaco que conten\u00eda aceite de man\u00ed. <\/p>\n<p>La circular del Minsa indica que a pesar de que en Panam\u00e1 no se han recibido notificaciones de sospecha de reacciones adversas atribuidas a este excipiente, se exhorta a los profesionales de la salud a tomar en consideraci\u00f3n esta alerta. <\/p>\n<p>La nota se\u00f1ala que emulsiones que contienen aceite de man\u00ed en alimentos y formulaciones farmac\u00e9uticas han sido reportadas ampliamente y las reacciones incluyen erupciones cut\u00e1neas al\u00e9rgicas graves y choque anafil\u00e1ctico tras el consumo de mantequilla de man\u00ed. <\/p>\n<p>\u00a0 <\/p>\n","protected":false},"excerpt":{"rendered":"<p>Representantes de la Direcci\u00f3n de Farmacias y Drogas, del Ministerior <a href=\"https:\/\/sertv.gob.pa\/nacionalfm\/el-aceite-de-mani-ocasiona-reacciones-alergicas\/\"> [&#8230;]<\/a><\/p>\n","protected":false},"author":1,"featured_media":1010,"comment_status":"closed","ping_status":"closed","sticky":false,"template":"","format":"standard","meta":{"footnotes":""},"categories":[5],"tags":[],"class_list":["post-1009","post","type-post","status-publish","format-standard","has-post-thumbnail","hentry","category-salud"],"_links":{"self":[{"href":"https:\/\/sertv.gob.pa\/nacionalfm\/wp-json\/wp\/v2\/posts\/1009","targetHints":{"allow":["GET"]}}],"collection":[{"href":"https:\/\/sertv.gob.pa\/nacionalfm\/wp-json\/wp\/v2\/posts"}],"about":[{"href":"https:\/\/sertv.gob.pa\/nacionalfm\/wp-json\/wp\/v2\/types\/post"}],"author":[{"embeddable":true,"href":"https:\/\/sertv.gob.pa\/nacionalfm\/wp-json\/wp\/v2\/users\/1"}],"replies":[{"embeddable":true,"href":"https:\/\/sertv.gob.pa\/nacionalfm\/wp-json\/wp\/v2\/comments?post=1009"}],"version-history":[{"count":0,"href":"https:\/\/sertv.gob.pa\/nacionalfm\/wp-json\/wp\/v2\/posts\/1009\/revisions"}],"wp:featuredmedia":[{"embeddable":true,"href":"https:\/\/sertv.gob.pa\/nacionalfm\/wp-json\/wp\/v2\/media\/1010"}],"wp:attachment":[{"href":"https:\/\/sertv.gob.pa\/nacionalfm\/wp-json\/wp\/v2\/media?parent=1009"}],"wp:term":[{"taxonomy":"category","embeddable":true,"href":"https:\/\/sertv.gob.pa\/nacionalfm\/wp-json\/wp\/v2\/categories?post=1009"},{"taxonomy":"post_tag","embeddable":true,"href":"https:\/\/sertv.gob.pa\/nacionalfm\/wp-json\/wp\/v2\/tags?post=1009"}],"curies":[{"name":"wp","href":"https:\/\/api.w.org\/{rel}","templated":true}]}}