{"id":101,"date":"2014-07-04T05:00:00","date_gmt":"2014-07-04T05:00:00","guid":{"rendered":""},"modified":"2014-07-04T05:00:00","modified_gmt":"2014-07-04T05:00:00","slug":"redoblan-vigilancia-en-carcel-de-david","status":"publish","type":"post","link":"https:\/\/sertv.gob.pa\/nacionalfm\/redoblan-vigilancia-en-carcel-de-david\/","title":{"rendered":"Redoblan vigilancia en c\u00e1rcel de David"},"content":{"rendered":"<p>\nTras la rebeli\u00f3n de un grupo de privados de libertad, los cuales se resistieron a ser situados en otras celdas, la c\u00e1rcel p\u00fablica de la ciudad de David, en la provincia de Chiriqu\u00ed, fue requisada nuevamente por las autoridades, provocando con ello que se redoblara su vigilancia. <\/p>\n<p>Sobre el particular, Ismael Flores, director del penal, corrobor\u00f3 que todo se suscit\u00f3 cuando se empez\u00f3 a trasladar a algunos detenidos a otras celdas, &ldquo;para tratar de organizarlos un poco&rdquo;.\u00a0 @nacionalFm <\/p>\n","protected":false},"excerpt":{"rendered":"<p>Tras la rebeli\u00f3n de un grupo de privados de libertad, <a href=\"https:\/\/sertv.gob.pa\/nacionalfm\/redoblan-vigilancia-en-carcel-de-david\/\"> [&#8230;]<\/a><\/p>\n","protected":false},"author":1,"featured_media":102,"comment_status":"closed","ping_status":"closed","sticky":false,"template":"","format":"standard","meta":{"footnotes":""},"categories":[2],"tags":[],"class_list":["post-101","post","type-post","status-publish","format-standard","has-post-thumbnail","hentry","category-nacionales"],"_links":{"self":[{"href":"https:\/\/sertv.gob.pa\/nacionalfm\/wp-json\/wp\/v2\/posts\/101","targetHints":{"allow":["GET"]}}],"collection":[{"href":"https:\/\/sertv.gob.pa\/nacionalfm\/wp-json\/wp\/v2\/posts"}],"about":[{"href":"https:\/\/sertv.gob.pa\/nacionalfm\/wp-json\/wp\/v2\/types\/post"}],"author":[{"embeddable":true,"href":"https:\/\/sertv.gob.pa\/nacionalfm\/wp-json\/wp\/v2\/users\/1"}],"replies":[{"embeddable":true,"href":"https:\/\/sertv.gob.pa\/nacionalfm\/wp-json\/wp\/v2\/comments?post=101"}],"version-history":[{"count":0,"href":"https:\/\/sertv.gob.pa\/nacionalfm\/wp-json\/wp\/v2\/posts\/101\/revisions"}],"wp:featuredmedia":[{"embeddable":true,"href":"https:\/\/sertv.gob.pa\/nacionalfm\/wp-json\/wp\/v2\/media\/102"}],"wp:attachment":[{"href":"https:\/\/sertv.gob.pa\/nacionalfm\/wp-json\/wp\/v2\/media?parent=101"}],"wp:term":[{"taxonomy":"category","embeddable":true,"href":"https:\/\/sertv.gob.pa\/nacionalfm\/wp-json\/wp\/v2\/categories?post=101"},{"taxonomy":"post_tag","embeddable":true,"href":"https:\/\/sertv.gob.pa\/nacionalfm\/wp-json\/wp\/v2\/tags?post=101"}],"curies":[{"name":"wp","href":"https:\/\/api.w.org\/{rel}","templated":true}]}}