{"id":10111,"date":"2016-01-20T15:24:58","date_gmt":"2016-01-20T15:24:58","guid":{"rendered":""},"modified":"2016-01-20T15:24:58","modified_gmt":"2016-01-20T15:24:58","slug":"mosquitos-transgenicos-para-combatir-el-zika-en-brasil","status":"publish","type":"post","link":"https:\/\/sertv.gob.pa\/nacionalfm\/mosquitos-transgenicos-para-combatir-el-zika-en-brasil\/","title":{"rendered":"Mosquitos transg\u00e9nicos para combatir el zika en Brasil"},"content":{"rendered":"<p>\nMosquitos modificados gen\u00e9ticamente podr\u00edan ayudar a Brasil a combatir el  virus zika , de acuerdo con los resultados de pruebas dados a conocer ayer martes por una firma biotecnol\u00f3gica brit\u00e1nica. <\/p>\n<p>El pa\u00eds sudamericano est\u00e1 tratando de contener la diseminaci\u00f3n del zika, que ha sido vinculado con defectos cong\u00e9nitos como la microcefalia, un raro padecimiento en el que los beb\u00e9s tienen cabezas m\u00e1s peque\u00f1as que lo normal. <\/p>\n<p>Representantes de la firma  Oxitec  manifestaron que las pruebas que hab\u00edan inciado en abril del 2015 mostraron que soltar en un \u00e1rea mosquitos masculinos modificados gen\u00e9ticamente para ser est\u00e9riles redujo las larvas de  Aedes aegypt i por  82%  para el final del a\u00f1o en un barrio de la ciudad de Piracicaba. <\/p>\n<p>Los mosquitos modificados gen\u00e9ticamente no transmiten el virus porque solamente las hembras pican. <\/p>\n<p>El departamento de salud de Piracicaba confirm\u00f3 las pruebas y resultados. El experto en control de mosquitos Joseph Conlon llam\u00f3 los resultados \u00abnovedosos y potencialmente eficaces\u00bb. <\/p>\n<p>\u00a0 <\/p>\n<p>\u00a0 <\/p>\n","protected":false},"excerpt":{"rendered":"<p>Mosquitos modificados gen\u00e9ticamente podr\u00edan ayudar a Brasil a combatir el <a href=\"https:\/\/sertv.gob.pa\/nacionalfm\/mosquitos-transgenicos-para-combatir-el-zika-en-brasil\/\"> [&#8230;]<\/a><\/p>\n","protected":false},"author":1,"featured_media":10112,"comment_status":"closed","ping_status":"closed","sticky":false,"template":"","format":"standard","meta":{"footnotes":""},"categories":[5],"tags":[],"class_list":["post-10111","post","type-post","status-publish","format-standard","has-post-thumbnail","hentry","category-salud"],"_links":{"self":[{"href":"https:\/\/sertv.gob.pa\/nacionalfm\/wp-json\/wp\/v2\/posts\/10111","targetHints":{"allow":["GET"]}}],"collection":[{"href":"https:\/\/sertv.gob.pa\/nacionalfm\/wp-json\/wp\/v2\/posts"}],"about":[{"href":"https:\/\/sertv.gob.pa\/nacionalfm\/wp-json\/wp\/v2\/types\/post"}],"author":[{"embeddable":true,"href":"https:\/\/sertv.gob.pa\/nacionalfm\/wp-json\/wp\/v2\/users\/1"}],"replies":[{"embeddable":true,"href":"https:\/\/sertv.gob.pa\/nacionalfm\/wp-json\/wp\/v2\/comments?post=10111"}],"version-history":[{"count":0,"href":"https:\/\/sertv.gob.pa\/nacionalfm\/wp-json\/wp\/v2\/posts\/10111\/revisions"}],"wp:featuredmedia":[{"embeddable":true,"href":"https:\/\/sertv.gob.pa\/nacionalfm\/wp-json\/wp\/v2\/media\/10112"}],"wp:attachment":[{"href":"https:\/\/sertv.gob.pa\/nacionalfm\/wp-json\/wp\/v2\/media?parent=10111"}],"wp:term":[{"taxonomy":"category","embeddable":true,"href":"https:\/\/sertv.gob.pa\/nacionalfm\/wp-json\/wp\/v2\/categories?post=10111"},{"taxonomy":"post_tag","embeddable":true,"href":"https:\/\/sertv.gob.pa\/nacionalfm\/wp-json\/wp\/v2\/tags?post=10111"}],"curies":[{"name":"wp","href":"https:\/\/api.w.org\/{rel}","templated":true}]}}