{"id":10115,"date":"2016-01-20T16:05:52","date_gmt":"2016-01-20T16:05:52","guid":{"rendered":""},"modified":"2016-01-20T16:05:52","modified_gmt":"2016-01-20T16:05:52","slug":"en-cuarentena-mas-de-100-personas-por-ebola","status":"publish","type":"post","link":"https:\/\/sertv.gob.pa\/nacionalfm\/en-cuarentena-mas-de-100-personas-por-ebola\/","title":{"rendered":"En cuarentena m\u00e1s de 100 personas por \u00e9bola"},"content":{"rendered":"<p>\nEl Ministerio de Salud y la Oficina de Seguridad Nacional de Sierra Leona han informado que 109 personas han sido puestas bajo cuarentena,  28 de las cuales catalogadas de alto riesgo  luego de entrar en contacto con  la joven fallecida  a causa de \u00e9bola la semana pasada, un d\u00eda despu\u00e9s de que  se declarara el fin de la transmisi\u00f3n del virus  en los tres pa\u00edses afectados. <\/p>\n<p>Adem\u00e1s, la joven  vivi\u00f3 con otras 22 personas  en una misma residencia mientras incubaba el virus, a las que se suman otras cinco encargadas de  lavar su cuerpo , una pr\u00e1ctica considerada como  especialmente peligrosa  para la transmisi\u00f3n de la enfermedad. <\/p>\n<p>\u00abProsiguen las investigaciones en los cuatro distritos por los cuales viaj\u00f3 la mujer\u00bb fallecida, han comunicado las instituciones gubernamentales. A pesar de esto,  la fuente del contagio sigue siendo desconocida , aunque se ha confirmado que la v\u00edctima viaj\u00f3 cerca de la frontera con Guinea, uno de los \u00faltimos pa\u00edses en declararse  libre del virus el pasado 7 de noviembre  de 2015. <\/p>\n<p>\u00a0 <\/p>\n<p>\u00a0 <\/p>\n","protected":false},"excerpt":{"rendered":"<p>El Ministerio de Salud y la Oficina de Seguridad Nacional <a href=\"https:\/\/sertv.gob.pa\/nacionalfm\/en-cuarentena-mas-de-100-personas-por-ebola\/\"> [&#8230;]<\/a><\/p>\n","protected":false},"author":1,"featured_media":10116,"comment_status":"closed","ping_status":"closed","sticky":false,"template":"","format":"standard","meta":{"footnotes":""},"categories":[5],"tags":[],"class_list":["post-10115","post","type-post","status-publish","format-standard","has-post-thumbnail","hentry","category-salud"],"_links":{"self":[{"href":"https:\/\/sertv.gob.pa\/nacionalfm\/wp-json\/wp\/v2\/posts\/10115","targetHints":{"allow":["GET"]}}],"collection":[{"href":"https:\/\/sertv.gob.pa\/nacionalfm\/wp-json\/wp\/v2\/posts"}],"about":[{"href":"https:\/\/sertv.gob.pa\/nacionalfm\/wp-json\/wp\/v2\/types\/post"}],"author":[{"embeddable":true,"href":"https:\/\/sertv.gob.pa\/nacionalfm\/wp-json\/wp\/v2\/users\/1"}],"replies":[{"embeddable":true,"href":"https:\/\/sertv.gob.pa\/nacionalfm\/wp-json\/wp\/v2\/comments?post=10115"}],"version-history":[{"count":0,"href":"https:\/\/sertv.gob.pa\/nacionalfm\/wp-json\/wp\/v2\/posts\/10115\/revisions"}],"wp:featuredmedia":[{"embeddable":true,"href":"https:\/\/sertv.gob.pa\/nacionalfm\/wp-json\/wp\/v2\/media\/10116"}],"wp:attachment":[{"href":"https:\/\/sertv.gob.pa\/nacionalfm\/wp-json\/wp\/v2\/media?parent=10115"}],"wp:term":[{"taxonomy":"category","embeddable":true,"href":"https:\/\/sertv.gob.pa\/nacionalfm\/wp-json\/wp\/v2\/categories?post=10115"},{"taxonomy":"post_tag","embeddable":true,"href":"https:\/\/sertv.gob.pa\/nacionalfm\/wp-json\/wp\/v2\/tags?post=10115"}],"curies":[{"name":"wp","href":"https:\/\/api.w.org\/{rel}","templated":true}]}}