{"id":10135,"date":"2016-01-21T14:18:42","date_gmt":"2016-01-21T14:18:42","guid":{"rendered":""},"modified":"2016-01-21T14:18:42","modified_gmt":"2016-01-21T14:18:42","slug":"38-casos-de-zika-son-confirmados-por-el-ministerio-de-salud","status":"publish","type":"post","link":"https:\/\/sertv.gob.pa\/nacionalfm\/38-casos-de-zika-son-confirmados-por-el-ministerio-de-salud\/","title":{"rendered":"38 casos de zika son confirmados por el Ministerio de Salud"},"content":{"rendered":"<p>\nLa directora general de Salud,  Itza Barahona de Mosca , confirm\u00f3 que hasta la fecha se tiene el registro de 38 casos del  virus zika \u00a0en la  comarca Guna Yala , espec\u00edficamente en Ustupu, en el corregimiento de Ailigand\u00ed, Mulatupo, Ogobsucun, Achutupu, Play\u00f3n Chico y Nargan\u00e1. <\/p>\n<p>Entre los afectados se halla una mujer embarazada, un ni\u00f1o con menos de un a\u00f1o de edad, cinco personas mayores de 75 a\u00f1os, y los restantes se encuentran dentro de todos los grupos de edad. <\/p>\n<p>&ldquo;La mujer embarazada tiene 28 semanas de gestaci\u00f3n y actualmente se encuentra en controles prenatales&rdquo;. &ldquo;No podemos confirmar que el feto tenga microcefalia, no obstante, luego de que nazca seguir\u00e1 en observaci\u00f3n al igual que la madre&rdquo;, afirm\u00f3 la doctora. <\/p>\n<p>Barahona Mosca explic\u00f3 que adem\u00e1s del virus zika, los residentes de estas islas padecen dengue y chikungunya, sin embargo, hizo \u00e9nfasis en que el Ministerio de Salud (Minsa) est\u00e1 tomando todas las medidas de prevenci\u00f3n en la comarca. <\/p>\n<p>Asimismo, indic\u00f3 que las embarazadas deben evitar ser picadas por alg\u00fan mosquito, utilizando repelentes y mosquiteros. Adem\u00e1s solicit\u00f3 que no se expongan al exterior en horas de la ma\u00f1ana y en la tarde, que es cuando mayormente los mosqu <\/p>\n","protected":false},"excerpt":{"rendered":"<p>La directora general de Salud, Itza Barahona de Mosca , <a href=\"https:\/\/sertv.gob.pa\/nacionalfm\/38-casos-de-zika-son-confirmados-por-el-ministerio-de-salud\/\"> [&#8230;]<\/a><\/p>\n","protected":false},"author":1,"featured_media":10136,"comment_status":"closed","ping_status":"closed","sticky":false,"template":"","format":"standard","meta":{"footnotes":""},"categories":[5],"tags":[],"class_list":["post-10135","post","type-post","status-publish","format-standard","has-post-thumbnail","hentry","category-salud"],"_links":{"self":[{"href":"https:\/\/sertv.gob.pa\/nacionalfm\/wp-json\/wp\/v2\/posts\/10135","targetHints":{"allow":["GET"]}}],"collection":[{"href":"https:\/\/sertv.gob.pa\/nacionalfm\/wp-json\/wp\/v2\/posts"}],"about":[{"href":"https:\/\/sertv.gob.pa\/nacionalfm\/wp-json\/wp\/v2\/types\/post"}],"author":[{"embeddable":true,"href":"https:\/\/sertv.gob.pa\/nacionalfm\/wp-json\/wp\/v2\/users\/1"}],"replies":[{"embeddable":true,"href":"https:\/\/sertv.gob.pa\/nacionalfm\/wp-json\/wp\/v2\/comments?post=10135"}],"version-history":[{"count":0,"href":"https:\/\/sertv.gob.pa\/nacionalfm\/wp-json\/wp\/v2\/posts\/10135\/revisions"}],"wp:featuredmedia":[{"embeddable":true,"href":"https:\/\/sertv.gob.pa\/nacionalfm\/wp-json\/wp\/v2\/media\/10136"}],"wp:attachment":[{"href":"https:\/\/sertv.gob.pa\/nacionalfm\/wp-json\/wp\/v2\/media?parent=10135"}],"wp:term":[{"taxonomy":"category","embeddable":true,"href":"https:\/\/sertv.gob.pa\/nacionalfm\/wp-json\/wp\/v2\/categories?post=10135"},{"taxonomy":"post_tag","embeddable":true,"href":"https:\/\/sertv.gob.pa\/nacionalfm\/wp-json\/wp\/v2\/tags?post=10135"}],"curies":[{"name":"wp","href":"https:\/\/api.w.org\/{rel}","templated":true}]}}