{"id":10141,"date":"2016-01-21T15:50:23","date_gmt":"2016-01-21T15:50:23","guid":{"rendered":""},"modified":"2016-01-21T15:50:23","modified_gmt":"2016-01-21T15:50:23","slug":"el-virus-zika-hace-escala-en-florida","status":"publish","type":"post","link":"https:\/\/sertv.gob.pa\/nacionalfm\/el-virus-zika-hace-escala-en-florida\/","title":{"rendered":"El virus zika hace escala en Florida"},"content":{"rendered":"<p>\nTres primeros casos del virus zika se han registrado en el estado norteamericano de Florida, en personas que viajaron recientemente a Am\u00e9rica Latina, confirmaron autoridades de salud. <\/p>\n<p>Dos de los casos aparecieron en personas que viajaron en diciembre a Colombia, y el tercero ocurri\u00f3 en una persona que visit\u00f3 Venezuela tambi\u00e9n el mes pasado, se\u00f1al\u00f3 a la AFP Mara Gambineri, del Departamento de Salud de Florida. <\/p>\n<p>Hasta los momentos, no se han registrado en el estado norteamericano del sureste del pa\u00eds casos aut\u00f3ctonos del virus, que se ha esparcido r\u00e1pidamente por pr\u00e1cticamente toda Am\u00e9rica Latina y el Caribe, transmitido por el mosquito Aedes aegypti. <\/p>\n<p>El zika generalmente causa s\u00edntomas leves, como fiebre, sarpullido, dolor en las articulaciones y conjuntivitis, pero las autoridades sanitarias han advertido de un posible v\u00ednculo entre el virus y la aparici\u00f3n de malformaciones cong\u00e9nitas en neonatos de mujeres embarazadas contagiadas, lo cual est\u00e1 siendo investigado en Brasil. <\/p>\n<p>&lsquo;Urgimos a los residentes y visitantes en Florida a protegerse de enfermedades transmitidas por mosquitos mediante el drenaje de aguas estancadas, protecci\u00f3n de la piel con repelente y ropa (y) el uso de pantallas antimosquitos en ventanas&#8217;, indic\u00f3 Gambineri. <\/p>\n<p>\u00a0 <\/p>\n","protected":false},"excerpt":{"rendered":"<p>Tres primeros casos del virus zika se han registrado en <a href=\"https:\/\/sertv.gob.pa\/nacionalfm\/el-virus-zika-hace-escala-en-florida\/\"> [&#8230;]<\/a><\/p>\n","protected":false},"author":1,"featured_media":10142,"comment_status":"closed","ping_status":"closed","sticky":false,"template":"","format":"standard","meta":{"footnotes":""},"categories":[5],"tags":[],"class_list":["post-10141","post","type-post","status-publish","format-standard","has-post-thumbnail","hentry","category-salud"],"_links":{"self":[{"href":"https:\/\/sertv.gob.pa\/nacionalfm\/wp-json\/wp\/v2\/posts\/10141","targetHints":{"allow":["GET"]}}],"collection":[{"href":"https:\/\/sertv.gob.pa\/nacionalfm\/wp-json\/wp\/v2\/posts"}],"about":[{"href":"https:\/\/sertv.gob.pa\/nacionalfm\/wp-json\/wp\/v2\/types\/post"}],"author":[{"embeddable":true,"href":"https:\/\/sertv.gob.pa\/nacionalfm\/wp-json\/wp\/v2\/users\/1"}],"replies":[{"embeddable":true,"href":"https:\/\/sertv.gob.pa\/nacionalfm\/wp-json\/wp\/v2\/comments?post=10141"}],"version-history":[{"count":0,"href":"https:\/\/sertv.gob.pa\/nacionalfm\/wp-json\/wp\/v2\/posts\/10141\/revisions"}],"wp:featuredmedia":[{"embeddable":true,"href":"https:\/\/sertv.gob.pa\/nacionalfm\/wp-json\/wp\/v2\/media\/10142"}],"wp:attachment":[{"href":"https:\/\/sertv.gob.pa\/nacionalfm\/wp-json\/wp\/v2\/media?parent=10141"}],"wp:term":[{"taxonomy":"category","embeddable":true,"href":"https:\/\/sertv.gob.pa\/nacionalfm\/wp-json\/wp\/v2\/categories?post=10141"},{"taxonomy":"post_tag","embeddable":true,"href":"https:\/\/sertv.gob.pa\/nacionalfm\/wp-json\/wp\/v2\/tags?post=10141"}],"curies":[{"name":"wp","href":"https:\/\/api.w.org\/{rel}","templated":true}]}}