{"id":10159,"date":"2016-01-22T15:28:49","date_gmt":"2016-01-22T15:28:49","guid":{"rendered":""},"modified":"2016-01-22T15:28:49","modified_gmt":"2016-01-22T15:28:49","slug":"rol-de-la-vacunacion-es-resaltado-en-congreso","status":"publish","type":"post","link":"https:\/\/sertv.gob.pa\/nacionalfm\/rol-de-la-vacunacion-es-resaltado-en-congreso\/","title":{"rendered":"Rol de la vacunaci\u00f3n es resaltado en Congreso"},"content":{"rendered":"<p>\nEl papel estrella que ha cobrado la  vacunaci\u00f3n  en el mundo, al generar inmunidad contra determinadas  enfermedades , est\u00e1 siendo resaltado esta semana en  Panam\u00e1  en el  congreso  &ldquo; Vacunaci\u00f3n en los tr\u00f3picos: vacunas en un mundo globalizado &rdquo;, que empez\u00f3 el mi\u00e9rcoles y finaliza hoy viernes, en el hotel Miramar. <\/p>\n<p>El evento cient\u00edfico, que celebra en el pa\u00eds su  tercera edici\u00f3n , est\u00e1 siendo organizado por la Universidad de South Florida (USF), el Instituto Conmemorativo Gorgas de Estudios de la Salud, la Secretar\u00eda Nacional de Ciencia, Tecnolog\u00eda e Innovaci\u00f3n y Ciudad del Saber. <\/p>\n<p>Dicho simposio, que cuenta con traducci\u00f3n simult\u00e1nea ingl\u00e9s\/espa\u00f1ol, incluye en su agenda  ponencias dirigidas a la prevenci\u00f3n de enfermedades infecciosas y cr\u00f3nicas , manifest\u00f3 Arlene Calvo, profesora e investigadora de la USF, una de las directoras del programa, quien agrega que la actividad \u00a0busca servir de foro para discutir avances en materia de inmunizaci\u00f3n. <\/p>\n<p>El congreso incluye entre e specialistas locales, as\u00ed como internacionales en materia de vacunaci\u00f3n , quienes son de &ldquo;primer nivel&rdquo;, afirma Xavier S\u00e1ez Llorens, pediatra infect\u00f3logo del Hospital del Ni\u00f1o, quien es otro de los directores de la jornada. <\/p>\n<p>Entre los expositores internacionales est\u00e1n los m\u00e9dicos  David Prado  (pediatra infect\u00f3logo de Guatemala, miembro del Consejo Directivo de la Sociedad Mundial de Infectolog\u00eda Pedi\u00e1trica) y experto en el tema de mitos sobre las vacunas;  Octavio Ramilo  (pediatra estadounidense del Nationwide Children&rsquo;s Hospital en Columbus, EU), especialista en virus respiratorios;  Miguel O&rsquo;Ryan  (infect\u00f3logo pediatra chileno, docente de la Universidad de Chile), enfocado en virus ent\u00e9ricos y polio, menciona S\u00e1ez Llorens. <\/p>\n<p>\u00a0 <\/p>\n","protected":false},"excerpt":{"rendered":"<p>El papel estrella que ha cobrado la vacunaci\u00f3n en el <a href=\"https:\/\/sertv.gob.pa\/nacionalfm\/rol-de-la-vacunacion-es-resaltado-en-congreso\/\"> [&#8230;]<\/a><\/p>\n","protected":false},"author":1,"featured_media":10160,"comment_status":"closed","ping_status":"closed","sticky":false,"template":"","format":"standard","meta":{"footnotes":""},"categories":[5],"tags":[],"class_list":["post-10159","post","type-post","status-publish","format-standard","has-post-thumbnail","hentry","category-salud"],"_links":{"self":[{"href":"https:\/\/sertv.gob.pa\/nacionalfm\/wp-json\/wp\/v2\/posts\/10159","targetHints":{"allow":["GET"]}}],"collection":[{"href":"https:\/\/sertv.gob.pa\/nacionalfm\/wp-json\/wp\/v2\/posts"}],"about":[{"href":"https:\/\/sertv.gob.pa\/nacionalfm\/wp-json\/wp\/v2\/types\/post"}],"author":[{"embeddable":true,"href":"https:\/\/sertv.gob.pa\/nacionalfm\/wp-json\/wp\/v2\/users\/1"}],"replies":[{"embeddable":true,"href":"https:\/\/sertv.gob.pa\/nacionalfm\/wp-json\/wp\/v2\/comments?post=10159"}],"version-history":[{"count":0,"href":"https:\/\/sertv.gob.pa\/nacionalfm\/wp-json\/wp\/v2\/posts\/10159\/revisions"}],"wp:featuredmedia":[{"embeddable":true,"href":"https:\/\/sertv.gob.pa\/nacionalfm\/wp-json\/wp\/v2\/media\/10160"}],"wp:attachment":[{"href":"https:\/\/sertv.gob.pa\/nacionalfm\/wp-json\/wp\/v2\/media?parent=10159"}],"wp:term":[{"taxonomy":"category","embeddable":true,"href":"https:\/\/sertv.gob.pa\/nacionalfm\/wp-json\/wp\/v2\/categories?post=10159"},{"taxonomy":"post_tag","embeddable":true,"href":"https:\/\/sertv.gob.pa\/nacionalfm\/wp-json\/wp\/v2\/tags?post=10159"}],"curies":[{"name":"wp","href":"https:\/\/api.w.org\/{rel}","templated":true}]}}