{"id":10163,"date":"2016-01-22T15:34:35","date_gmt":"2016-01-22T15:34:35","guid":{"rendered":""},"modified":"2016-01-22T15:34:35","modified_gmt":"2016-01-22T15:34:35","slug":"influenza-ah1n1-acaba-con-otra-vida-en-chiriqui","status":"publish","type":"post","link":"https:\/\/sertv.gob.pa\/nacionalfm\/influenza-ah1n1-acaba-con-otra-vida-en-chiriqui\/","title":{"rendered":"Influenza AH1N1 acaba con otra vida en Chiriqu\u00ed"},"content":{"rendered":"<p>\nLas autoridades de Salud en Chiriqu\u00ed confirmaron la tercera muerte por influenza AH1N1. <\/p>\n<p>El fallecido, de nombre Nicol\u00e1s Chavarr\u00eda, de 51 a\u00f1os, llevaba varias semanas recluido en el hospital regional de David. <\/p>\n<p>Pablo Acosta, epidemi\u00f3logo del MINSA, dio a conocer que la tercera v\u00edctima present\u00f3 complicaciones debido a que padec\u00eda del s\u00edndrome de Down y tambi\u00e9n de cardiopat\u00eda y convulsiones. <\/p>\n<p>Agust\u00edn Salda\u00f1a, director provincial del MINSA, se\u00f1al\u00f3 que hasta la fecha hay 26 casos de personas contagiadas con la gripe AH1N1, todas residentes en el distrito de Bar\u00fa. <\/p>\n<p>\u00a0 <\/p>\n","protected":false},"excerpt":{"rendered":"<p>Las autoridades de Salud en Chiriqu\u00ed confirmaron la tercera muerte <a href=\"https:\/\/sertv.gob.pa\/nacionalfm\/influenza-ah1n1-acaba-con-otra-vida-en-chiriqui\/\"> [&#8230;]<\/a><\/p>\n","protected":false},"author":1,"featured_media":10164,"comment_status":"closed","ping_status":"closed","sticky":false,"template":"","format":"standard","meta":{"footnotes":""},"categories":[5],"tags":[],"class_list":["post-10163","post","type-post","status-publish","format-standard","has-post-thumbnail","hentry","category-salud"],"_links":{"self":[{"href":"https:\/\/sertv.gob.pa\/nacionalfm\/wp-json\/wp\/v2\/posts\/10163","targetHints":{"allow":["GET"]}}],"collection":[{"href":"https:\/\/sertv.gob.pa\/nacionalfm\/wp-json\/wp\/v2\/posts"}],"about":[{"href":"https:\/\/sertv.gob.pa\/nacionalfm\/wp-json\/wp\/v2\/types\/post"}],"author":[{"embeddable":true,"href":"https:\/\/sertv.gob.pa\/nacionalfm\/wp-json\/wp\/v2\/users\/1"}],"replies":[{"embeddable":true,"href":"https:\/\/sertv.gob.pa\/nacionalfm\/wp-json\/wp\/v2\/comments?post=10163"}],"version-history":[{"count":0,"href":"https:\/\/sertv.gob.pa\/nacionalfm\/wp-json\/wp\/v2\/posts\/10163\/revisions"}],"wp:featuredmedia":[{"embeddable":true,"href":"https:\/\/sertv.gob.pa\/nacionalfm\/wp-json\/wp\/v2\/media\/10164"}],"wp:attachment":[{"href":"https:\/\/sertv.gob.pa\/nacionalfm\/wp-json\/wp\/v2\/media?parent=10163"}],"wp:term":[{"taxonomy":"category","embeddable":true,"href":"https:\/\/sertv.gob.pa\/nacionalfm\/wp-json\/wp\/v2\/categories?post=10163"},{"taxonomy":"post_tag","embeddable":true,"href":"https:\/\/sertv.gob.pa\/nacionalfm\/wp-json\/wp\/v2\/tags?post=10163"}],"curies":[{"name":"wp","href":"https:\/\/api.w.org\/{rel}","templated":true}]}}