{"id":10197,"date":"2016-01-25T15:32:09","date_gmt":"2016-01-25T15:32:09","guid":{"rendered":""},"modified":"2016-01-25T15:32:09","modified_gmt":"2016-01-25T15:32:09","slug":"el-virus-zika","status":"publish","type":"post","link":"https:\/\/sertv.gob.pa\/nacionalfm\/el-virus-zika\/","title":{"rendered":"El virus zika"},"content":{"rendered":"<p>\nEl  virus zika \u00a0resultaba desconocido hasta que al menos unos  23 pa\u00edses  se vieron afectados por el brote. El zika es similar al dengue y a la fiebre amarilla <\/p>\n<p>Seg\u00fan la Organizaci\u00f3n Panamericana de la Salud ( OPS ), Barbados, Bolivia, Brasil, Colombia, Ecuador, El Salvador, Guadalupe, Guatemala, Guyana, Guyana Francesa, Hait\u00ed, Honduras, Martinica, M\u00e9xico,  Panam\u00e1 , Paraguay, Puerto Rico, San Mart\u00edn, Surinam,\u00a0Venezuela y Estados unidos pertenecen a esta lista de pa\u00edses, en donde parte de la poblaci\u00f3n padece la enfermedad ocasionada por este virus. <\/p>\n<p>El principal modo de transmisi\u00f3n es a trav\u00e9s del mosquito\u00a0  Aedes aegypti . Pero hay casos de transmisi\u00f3n sexual (pues permanece en el esperma durante m\u00e1s tiempo), perinatal (de la madre al feto) y sangu\u00ednea. <\/p>\n<p>Los s\u00edntomas, en general, desaparecen de manera espont\u00e1nea luego de \u00a0un per\u00edodo que puede ir de tres a siete d\u00edas. Sin embargo, los dolores en las articulaciones pueden persistir durante hasta un mes. <\/p>\n<p>Seg\u00fan la OPS, la enfermedad por el virus no necesita tratamiento espec\u00edfico. Los pacientes deben estar en reposo, beber l\u00edquidos suficientes y tomar analg\u00e9sicos comunes para el dolor. Si los s\u00edntomas empeoran deben consultar al m\u00e9dico.\u00a0En la actualidad no hay vacunas. <\/p>\n<p>No se recomienda el uso de aspirinas por el riesgo de sangrado que acarrea. Recomiendan necesario mantenerse alejado del paciente al menos durante la primera semana de la enfermedad para evitar el contagio. <\/p>\n<p>La forma m\u00e1s eficaz de prevenir la infecci\u00f3n\u00a0es evitando las\u00a0picaduras de mosquito, para esto se recomienda el uso constante de repelentes. <\/p>\n<p>Hay mosquitos que pican a trav\u00e9s de la ropa, aunque con mayor dificultad que sobre la piel desnuda, por lo que es recomendable llevar mangas y perneras largas para optimizar la protecci\u00f3n contra los mosquitos si el tiempo lo permite. <\/p>\n<p>Se recomienda el uso de mallas en puertas y ventanas, y dormir en una cama que disponga de mosquitero. <\/p>\n<p>Adem\u00e1s, es conveniente no tener agua dulce en macetas o similares en los interiores para evitar atraer a los mosquitos. <\/p>\n<p>\u00a0 <\/p>\n<p>\u00a0 <\/p>\n","protected":false},"excerpt":{"rendered":"<p>El virus zika \u00a0resultaba desconocido hasta que al menos unos <a href=\"https:\/\/sertv.gob.pa\/nacionalfm\/el-virus-zika\/\"> [&#8230;]<\/a><\/p>\n","protected":false},"author":1,"featured_media":10198,"comment_status":"closed","ping_status":"closed","sticky":false,"template":"","format":"standard","meta":{"footnotes":""},"categories":[5],"tags":[],"class_list":["post-10197","post","type-post","status-publish","format-standard","has-post-thumbnail","hentry","category-salud"],"_links":{"self":[{"href":"https:\/\/sertv.gob.pa\/nacionalfm\/wp-json\/wp\/v2\/posts\/10197","targetHints":{"allow":["GET"]}}],"collection":[{"href":"https:\/\/sertv.gob.pa\/nacionalfm\/wp-json\/wp\/v2\/posts"}],"about":[{"href":"https:\/\/sertv.gob.pa\/nacionalfm\/wp-json\/wp\/v2\/types\/post"}],"author":[{"embeddable":true,"href":"https:\/\/sertv.gob.pa\/nacionalfm\/wp-json\/wp\/v2\/users\/1"}],"replies":[{"embeddable":true,"href":"https:\/\/sertv.gob.pa\/nacionalfm\/wp-json\/wp\/v2\/comments?post=10197"}],"version-history":[{"count":0,"href":"https:\/\/sertv.gob.pa\/nacionalfm\/wp-json\/wp\/v2\/posts\/10197\/revisions"}],"wp:featuredmedia":[{"embeddable":true,"href":"https:\/\/sertv.gob.pa\/nacionalfm\/wp-json\/wp\/v2\/media\/10198"}],"wp:attachment":[{"href":"https:\/\/sertv.gob.pa\/nacionalfm\/wp-json\/wp\/v2\/media?parent=10197"}],"wp:term":[{"taxonomy":"category","embeddable":true,"href":"https:\/\/sertv.gob.pa\/nacionalfm\/wp-json\/wp\/v2\/categories?post=10197"},{"taxonomy":"post_tag","embeddable":true,"href":"https:\/\/sertv.gob.pa\/nacionalfm\/wp-json\/wp\/v2\/tags?post=10197"}],"curies":[{"name":"wp","href":"https:\/\/api.w.org\/{rel}","templated":true}]}}