{"id":10209,"date":"2016-01-25T19:42:19","date_gmt":"2016-01-25T19:42:19","guid":{"rendered":""},"modified":"2016-01-25T19:42:19","modified_gmt":"2016-01-25T19:42:19","slug":"panama-busca-posibilidad-de-ser-sede-de-juegos-centroamericanos-en-2022","status":"publish","type":"post","link":"https:\/\/sertv.gob.pa\/nacionalfm\/panama-busca-posibilidad-de-ser-sede-de-juegos-centroamericanos-en-2022\/","title":{"rendered":"Panam\u00e1 busca posibilidad de ser sede de Juegos Centroamericanos en  2022"},"content":{"rendered":"<p>\nRecientemente, el alcalde de la Ciudad Capital, Jos\u00e9 Bland\u00f3n Figueroa, llev\u00f3 a cabo una reuni\u00f3n con el Presidente del Comit\u00e9 Ol\u00edmpico de Panam\u00e1, Camilo Amado, el Director de PANDEPORTES, Roberto Bob Arango, con la finalidad de explorar la posibilidad de la ciudad de Panam\u00e1 de presentarse como aspirante a ser sede de los Juegos Centroamericanos y del Caribe en el a\u00f1o 2022. <\/p>\n<p>Esta candidatura se debe presentar a m\u00e1s tardar el 31 de enero y para eso se requiere conseguir la aprobaci\u00f3n del presidente de la rep\u00fablica Juan Carlos Varela, junto a los compromisos econ\u00f3micos que este gobierno y el pr\u00f3ximo gobierno han de establecer. <\/p>\n<p>Bland\u00f3n,\u00a0 indic\u00f3 que para Panam\u00e1 ser\u00eda conveniente ser sede de los Juegos Centroamericanos y del Caribe en el 2022, ya que dejar\u00eda un legado importante en cuanto a instalaciones deportivas como sucedi\u00f3 en 1938 y en el 1970 cuando Panam\u00e1 fue sede de estos juegos. <\/p>\n<p>A\u00f1adi\u00f3, el jefe de la ciudad que la celebraci\u00f3n de estos juegos &ldquo;van a traer resultados positivos para el pa\u00eds, la ciudad, el deporte y el turismo. <\/p>\n<p>La Alcald\u00eda y PANDEPORTES vienen efectuando un conjunto de inversiones en instalaciones deportivas que pueden servir como instalaciones para estos juegos, manifestaron los funcionarios. <\/p>\n<p>En lo relativo a la inversi\u00f3n econ\u00f3mica necesaria para la realizaci\u00f3n de estos juegos, se debe considerar que se toma como referencia los B\/. 300 millones que se previeron para el 2018, cuando Panam\u00e1 aspir\u00f3 a ser sede de estos juegos, con los ajuste respectivos en consideraci\u00f3n de la infraestructura ya construida. <\/p>\n<p>La ciudad de Panam\u00e1 es una buena candidata a acoger estos juegos debido de su atractivo tur\u00edstico, su alta conectividad internacional y su desarrollo econ\u00f3mico que lo sit\u00faan como una de las econom\u00edas m\u00e1s desarrolladas de la regi\u00f3n. <\/p>\n","protected":false},"excerpt":{"rendered":"<p>Recientemente, el alcalde de la Ciudad Capital, Jos\u00e9 Bland\u00f3n Figueroa, <a href=\"https:\/\/sertv.gob.pa\/nacionalfm\/panama-busca-posibilidad-de-ser-sede-de-juegos-centroamericanos-en-2022\/\"> [&#8230;]<\/a><\/p>\n","protected":false},"author":1,"featured_media":10210,"comment_status":"closed","ping_status":"closed","sticky":false,"template":"","format":"standard","meta":{"footnotes":""},"categories":[4],"tags":[],"class_list":["post-10209","post","type-post","status-publish","format-standard","has-post-thumbnail","hentry","category-deportes"],"_links":{"self":[{"href":"https:\/\/sertv.gob.pa\/nacionalfm\/wp-json\/wp\/v2\/posts\/10209","targetHints":{"allow":["GET"]}}],"collection":[{"href":"https:\/\/sertv.gob.pa\/nacionalfm\/wp-json\/wp\/v2\/posts"}],"about":[{"href":"https:\/\/sertv.gob.pa\/nacionalfm\/wp-json\/wp\/v2\/types\/post"}],"author":[{"embeddable":true,"href":"https:\/\/sertv.gob.pa\/nacionalfm\/wp-json\/wp\/v2\/users\/1"}],"replies":[{"embeddable":true,"href":"https:\/\/sertv.gob.pa\/nacionalfm\/wp-json\/wp\/v2\/comments?post=10209"}],"version-history":[{"count":0,"href":"https:\/\/sertv.gob.pa\/nacionalfm\/wp-json\/wp\/v2\/posts\/10209\/revisions"}],"wp:featuredmedia":[{"embeddable":true,"href":"https:\/\/sertv.gob.pa\/nacionalfm\/wp-json\/wp\/v2\/media\/10210"}],"wp:attachment":[{"href":"https:\/\/sertv.gob.pa\/nacionalfm\/wp-json\/wp\/v2\/media?parent=10209"}],"wp:term":[{"taxonomy":"category","embeddable":true,"href":"https:\/\/sertv.gob.pa\/nacionalfm\/wp-json\/wp\/v2\/categories?post=10209"},{"taxonomy":"post_tag","embeddable":true,"href":"https:\/\/sertv.gob.pa\/nacionalfm\/wp-json\/wp\/v2\/tags?post=10209"}],"curies":[{"name":"wp","href":"https:\/\/api.w.org\/{rel}","templated":true}]}}