{"id":10213,"date":"2016-01-25T20:15:41","date_gmt":"2016-01-25T20:15:41","guid":{"rendered":""},"modified":"2016-01-25T20:15:41","modified_gmt":"2016-01-25T20:15:41","slug":"alcaldia-de-panama-realiza-segunda-jornada-de-boxeo-aficionado","status":"publish","type":"post","link":"https:\/\/sertv.gob.pa\/nacionalfm\/alcaldia-de-panama-realiza-segunda-jornada-de-boxeo-aficionado\/","title":{"rendered":"Alcald\u00eda de Panam\u00e1 realiza segunda jornada de boxeo aficionado"},"content":{"rendered":"<p>\n &ldquo;Semillero de Campeones&rdquo;, as\u00ed se le denomin\u00f3 a la segunda jornada de   boxeo aficionado  que se llev\u00f3 a ejecuci\u00f3n en la Cinta Costera, el domingo, 24 de diciembre de 2016, organizado por la Sub-direcci\u00f3n de Deportes y Recreaci\u00f3n de la Alcald\u00eda de Panam\u00e1. <\/p>\n<p> Esta completa cartelera de Boxeo Ol\u00edmpico gratuito comenz\u00f3 a las 5:00 de la tarde, en el Anfiteatro del Mirador del Pacifico, cumpli\u00e9ndose 10 peleas categor\u00eda masculino y femenino y dos peleas de exhibici\u00f3n, con pesajes de 98 hasta 154 libras y boxeadores de 12 a\u00f1os en adelante.  <\/p>\n<p>Este espect\u00e1culo que cont\u00f3 con gran cantidad de p\u00fablico aficionado al boxeo y personas que se hallaban de paseo por el lugar, es una compleja actividad que requiere el concurso de boxeadores, entrenadores, preparadores f\u00edsicos, gimnasios, implementos, jueces, \u00e1rbitros ol\u00edmpicos y el apoyo de la Alcald\u00eda de Panam\u00e1. <\/p>\n<p> El Programa de Boxeo Ol\u00edmpico de la Alcald\u00eda de Panam\u00e1 ha visitado los   distintos corregimientos capitalinos  y es avalado por los jueces y \u00e1rbitros del Comit\u00e9 Ol\u00edmpico de Panam\u00e1, asever\u00f3 Roberto Brown, subdirector de Deportes. <\/p>\n<p>Conforme a Brown, con este proyecto &ldquo;la Comuna Capitalina busca desarrollar y promover el boxeo, ofrecer a los j\u00f3venes promesas las oportunidades de practicar el deporte de su predilecci\u00f3n y facilitar a nuestros boxeadores que desarrollen las competencias pugil\u00edsticas necesarias para representar a nuestro pa\u00eds dignamente&rdquo;. <\/p>\n<p>Con este programa  la Alcald\u00eda de Panam\u00e1 pretende levantar el boxeo   desde sus inicios a fin de que la actividad siga desarroll\u00e1ndose y el pa\u00eds contin\u00fae dando campeones mundiales en esta dif\u00edcil disciplina deportiva.  <\/p>\n<p> Entretanto, en la Cinta Costera III se efectu\u00f3 una entretenida jornada   de voleibol de playa , en la que los concurrentes apoyaron a sus equipos \u00a0entre gritos y aplausos. Estas actividades al igual que la Ciclov\u00eda Recreativa \u00a0son parte del  Verano Alcald\u00eda  que se ejecuta todos los fines de semana en esta \u00e1rea de la ciudad capital. <\/p>\n","protected":false},"excerpt":{"rendered":"<p>&ldquo;Semillero de Campeones&rdquo;, as\u00ed se le denomin\u00f3 a la segunda <a href=\"https:\/\/sertv.gob.pa\/nacionalfm\/alcaldia-de-panama-realiza-segunda-jornada-de-boxeo-aficionado\/\"> [&#8230;]<\/a><\/p>\n","protected":false},"author":1,"featured_media":10214,"comment_status":"closed","ping_status":"closed","sticky":false,"template":"","format":"standard","meta":{"footnotes":""},"categories":[4],"tags":[],"class_list":["post-10213","post","type-post","status-publish","format-standard","has-post-thumbnail","hentry","category-deportes"],"_links":{"self":[{"href":"https:\/\/sertv.gob.pa\/nacionalfm\/wp-json\/wp\/v2\/posts\/10213","targetHints":{"allow":["GET"]}}],"collection":[{"href":"https:\/\/sertv.gob.pa\/nacionalfm\/wp-json\/wp\/v2\/posts"}],"about":[{"href":"https:\/\/sertv.gob.pa\/nacionalfm\/wp-json\/wp\/v2\/types\/post"}],"author":[{"embeddable":true,"href":"https:\/\/sertv.gob.pa\/nacionalfm\/wp-json\/wp\/v2\/users\/1"}],"replies":[{"embeddable":true,"href":"https:\/\/sertv.gob.pa\/nacionalfm\/wp-json\/wp\/v2\/comments?post=10213"}],"version-history":[{"count":0,"href":"https:\/\/sertv.gob.pa\/nacionalfm\/wp-json\/wp\/v2\/posts\/10213\/revisions"}],"wp:featuredmedia":[{"embeddable":true,"href":"https:\/\/sertv.gob.pa\/nacionalfm\/wp-json\/wp\/v2\/media\/10214"}],"wp:attachment":[{"href":"https:\/\/sertv.gob.pa\/nacionalfm\/wp-json\/wp\/v2\/media?parent=10213"}],"wp:term":[{"taxonomy":"category","embeddable":true,"href":"https:\/\/sertv.gob.pa\/nacionalfm\/wp-json\/wp\/v2\/categories?post=10213"},{"taxonomy":"post_tag","embeddable":true,"href":"https:\/\/sertv.gob.pa\/nacionalfm\/wp-json\/wp\/v2\/tags?post=10213"}],"curies":[{"name":"wp","href":"https:\/\/api.w.org\/{rel}","templated":true}]}}