{"id":10229,"date":"2016-01-26T15:32:48","date_gmt":"2016-01-26T15:32:48","guid":{"rendered":""},"modified":"2016-01-26T15:32:48","modified_gmt":"2016-01-26T15:32:48","slug":"obesidad-infantil-alcanza-niveles-alarmantes","status":"publish","type":"post","link":"https:\/\/sertv.gob.pa\/nacionalfm\/obesidad-infantil-alcanza-niveles-alarmantes\/","title":{"rendered":"Obesidad infantil alcanza niveles alarmantes"},"content":{"rendered":"<p>\nLa obesidad entre ni\u00f1os de menos de cinco a\u00f1os ha alcanzado niveles &lsquo;alarmantes&#8217; a nivel mundial, y se ha convertido en una &lsquo;pesadilla explosiva&#8217; en los pa\u00edses en desarrollo, se\u00f1ala un informe de la Organizaci\u00f3n Mundial de la Salud (OMS). <\/p>\n<p>Los autores de un informe espec\u00edfico sobre la cuesti\u00f3n destacan que, hist\u00f3ricamente, el fen\u00f3meno no se ha tratado como un problema de salud p\u00fablica, al considerarse muchas veces como la consecuencia del estilo de vida de la familia. <\/p>\n<p>Pero al cabo de dos a\u00f1os de investigaci\u00f3n en m\u00e1s de cien pa\u00edses, los autores destacan que los gobiernos y los organismos de salud son fundamentales para atajar esta lacra. <\/p>\n<p>Si no se afronta con seriedad el problema, &lsquo;la epidemia de obesidad podr\u00eda revertir muchos de los beneficios para la salud que han contribuido al incremento de la longevidad observado en el mundo&#8217;, apuntan los autores del informe. <\/p>\n<p>&lsquo;\u00bfCu\u00e1l es el mensaje principal? Que no es la culpa de los ni\u00f1os&#8217;, expres\u00f3 a la prensa el copresidente de la comisi\u00f3n redactora del texto, Peter Gluckman. Las causas que explican la obesidad infantil son factores biol\u00f3gicos, un acceso inadecuado a comida sana, menor actividad f\u00edsica en las escuelas y la desregulaci\u00f3n del mercado de alimentos grasos, apunta el texto. <\/p>\n<p>Gluckman reconoci\u00f3 que las recomendaciones del informe, desde promover un estilo de vida m\u00e1s sano hasta aplicar m\u00e1s impuestos a las bebidas azucaradas, son de sentido com\u00fan. <\/p>\n","protected":false},"excerpt":{"rendered":"<p>La obesidad entre ni\u00f1os de menos de cinco a\u00f1os ha <a href=\"https:\/\/sertv.gob.pa\/nacionalfm\/obesidad-infantil-alcanza-niveles-alarmantes\/\"> [&#8230;]<\/a><\/p>\n","protected":false},"author":1,"featured_media":10230,"comment_status":"closed","ping_status":"closed","sticky":false,"template":"","format":"standard","meta":{"footnotes":""},"categories":[5],"tags":[],"class_list":["post-10229","post","type-post","status-publish","format-standard","has-post-thumbnail","hentry","category-salud"],"_links":{"self":[{"href":"https:\/\/sertv.gob.pa\/nacionalfm\/wp-json\/wp\/v2\/posts\/10229","targetHints":{"allow":["GET"]}}],"collection":[{"href":"https:\/\/sertv.gob.pa\/nacionalfm\/wp-json\/wp\/v2\/posts"}],"about":[{"href":"https:\/\/sertv.gob.pa\/nacionalfm\/wp-json\/wp\/v2\/types\/post"}],"author":[{"embeddable":true,"href":"https:\/\/sertv.gob.pa\/nacionalfm\/wp-json\/wp\/v2\/users\/1"}],"replies":[{"embeddable":true,"href":"https:\/\/sertv.gob.pa\/nacionalfm\/wp-json\/wp\/v2\/comments?post=10229"}],"version-history":[{"count":0,"href":"https:\/\/sertv.gob.pa\/nacionalfm\/wp-json\/wp\/v2\/posts\/10229\/revisions"}],"wp:featuredmedia":[{"embeddable":true,"href":"https:\/\/sertv.gob.pa\/nacionalfm\/wp-json\/wp\/v2\/media\/10230"}],"wp:attachment":[{"href":"https:\/\/sertv.gob.pa\/nacionalfm\/wp-json\/wp\/v2\/media?parent=10229"}],"wp:term":[{"taxonomy":"category","embeddable":true,"href":"https:\/\/sertv.gob.pa\/nacionalfm\/wp-json\/wp\/v2\/categories?post=10229"},{"taxonomy":"post_tag","embeddable":true,"href":"https:\/\/sertv.gob.pa\/nacionalfm\/wp-json\/wp\/v2\/tags?post=10229"}],"curies":[{"name":"wp","href":"https:\/\/api.w.org\/{rel}","templated":true}]}}