{"id":10249,"date":"2016-01-27T14:28:59","date_gmt":"2016-01-27T14:28:59","guid":{"rendered":""},"modified":"2016-01-27T14:28:59","modified_gmt":"2016-01-27T14:28:59","slug":"aplazar-los-embarazos-en-guna-yala-recomienda-el-minsa","status":"publish","type":"post","link":"https:\/\/sertv.gob.pa\/nacionalfm\/aplazar-los-embarazos-en-guna-yala-recomienda-el-minsa\/","title":{"rendered":"Aplazar los embarazos en Guna Yala recomienda el Minsa"},"content":{"rendered":"<p>\nEl  Ministerio de Salud  (Minsa) recomend\u00f3 a las mujeres en estado f\u00e9rtil de la comarca de  Guna Yala  a que aplacen los embarazos ante la expansi\u00f3n de casos del  virus zika \u00a0en esa regi\u00f3n del pa\u00eds. <\/p>\n<p>Hasta el 23 de enero pasado se tiene el registro de 42 casos confirmados por laboratorio, dio a conocer Israel Cede\u00f1o, jefe encargado de Epidemiolog\u00eda del Minsa. <\/p>\n<p>Seg\u00fan el funcionario, la enfermedad se ha expandido en toda esa regi\u00f3n. No solo hay casos en Ustupu, Achutupo, Mulatupo, sino que ya existen reportes en Play\u00f3n Chico, Coraz\u00f3n de Jes\u00fas, Nargan\u00e1 y Puerto Obald\u00eda. <\/p>\n<p>Ante este panorama, en la comarca se mantienen actividades de promoci\u00f3n y eliminaci\u00f3n de los criaderos. \u00a0 <\/p>\n<p>A las embarazadas se les ha reiterado el llamado para que, de observar los primeros s\u00edntomas, que suelen ser brotes en la piel,\u00a0acudan al m\u00e9dico, se\u00f1al\u00f3 el funcionario. Otros s\u00edntomas son: dolor de cabeza, dolor muscular, n\u00e1usea y v\u00f3mitos.\u00a0 <\/p>\n<p>\u00a0 <\/p>\n","protected":false},"excerpt":{"rendered":"<p>El Ministerio de Salud (Minsa) recomend\u00f3 a las mujeres en <a href=\"https:\/\/sertv.gob.pa\/nacionalfm\/aplazar-los-embarazos-en-guna-yala-recomienda-el-minsa\/\"> [&#8230;]<\/a><\/p>\n","protected":false},"author":1,"featured_media":10250,"comment_status":"closed","ping_status":"closed","sticky":false,"template":"","format":"standard","meta":{"footnotes":""},"categories":[5],"tags":[],"class_list":["post-10249","post","type-post","status-publish","format-standard","has-post-thumbnail","hentry","category-salud"],"_links":{"self":[{"href":"https:\/\/sertv.gob.pa\/nacionalfm\/wp-json\/wp\/v2\/posts\/10249","targetHints":{"allow":["GET"]}}],"collection":[{"href":"https:\/\/sertv.gob.pa\/nacionalfm\/wp-json\/wp\/v2\/posts"}],"about":[{"href":"https:\/\/sertv.gob.pa\/nacionalfm\/wp-json\/wp\/v2\/types\/post"}],"author":[{"embeddable":true,"href":"https:\/\/sertv.gob.pa\/nacionalfm\/wp-json\/wp\/v2\/users\/1"}],"replies":[{"embeddable":true,"href":"https:\/\/sertv.gob.pa\/nacionalfm\/wp-json\/wp\/v2\/comments?post=10249"}],"version-history":[{"count":0,"href":"https:\/\/sertv.gob.pa\/nacionalfm\/wp-json\/wp\/v2\/posts\/10249\/revisions"}],"wp:featuredmedia":[{"embeddable":true,"href":"https:\/\/sertv.gob.pa\/nacionalfm\/wp-json\/wp\/v2\/media\/10250"}],"wp:attachment":[{"href":"https:\/\/sertv.gob.pa\/nacionalfm\/wp-json\/wp\/v2\/media?parent=10249"}],"wp:term":[{"taxonomy":"category","embeddable":true,"href":"https:\/\/sertv.gob.pa\/nacionalfm\/wp-json\/wp\/v2\/categories?post=10249"},{"taxonomy":"post_tag","embeddable":true,"href":"https:\/\/sertv.gob.pa\/nacionalfm\/wp-json\/wp\/v2\/tags?post=10249"}],"curies":[{"name":"wp","href":"https:\/\/api.w.org\/{rel}","templated":true}]}}