{"id":10253,"date":"2016-01-27T14:36:49","date_gmt":"2016-01-27T14:36:49","guid":{"rendered":""},"modified":"2016-01-27T14:36:49","modified_gmt":"2016-01-27T14:36:49","slug":"vacuna-contra-el-virus-zika-demorara-anos-en-desarrollarse","status":"publish","type":"post","link":"https:\/\/sertv.gob.pa\/nacionalfm\/vacuna-contra-el-virus-zika-demorara-anos-en-desarrollarse\/","title":{"rendered":"Vacuna contra el virus zika demorar\u00e1 a\u00f1os en desarrollarse"},"content":{"rendered":"<p>\nEl gobierno de  Estados Unidos \u00a0est\u00e1 empezando a investigar una posible vacuna para el  virus zika , el cual se sospecha est\u00e1 causando un raro defecto cong\u00e9nito conforme se propaga por Latinoam\u00e9rica; no obstante, \u00a0tal protecci\u00f3n no llegar\u00e1 pronto: el desarrollo de vacunas toma normalmente a\u00f1os. <\/p>\n<p>El doctor Anthony Fauci, de los Institutos Nacionales de Salud (NIH por sus iniciales en ingl\u00e9s), expres\u00f3 el martes en una entrevista: \u00abEsto no va a suceder de la noche a la ma\u00f1ana\u00bb. <\/p>\n<p>Pero existen vacunas en diferentes etapas de desarrollo para otros virus de la misma familia &mdash;dengue, del Nilo Occidental y chikungunya&mdash; que ofrecen un patr\u00f3n para crear algo similar contra el zika, manifest\u00f3 Fauci, quien dirige el Instituto Nacional de Alergias y Enfermedades Infecciosas de los NIH. <\/p>\n<p>\u00a0 <\/p>\n","protected":false},"excerpt":{"rendered":"<p>El gobierno de Estados Unidos \u00a0est\u00e1 empezando a investigar una <a href=\"https:\/\/sertv.gob.pa\/nacionalfm\/vacuna-contra-el-virus-zika-demorara-anos-en-desarrollarse\/\"> [&#8230;]<\/a><\/p>\n","protected":false},"author":1,"featured_media":10254,"comment_status":"closed","ping_status":"closed","sticky":false,"template":"","format":"standard","meta":{"footnotes":""},"categories":[5],"tags":[],"class_list":["post-10253","post","type-post","status-publish","format-standard","has-post-thumbnail","hentry","category-salud"],"_links":{"self":[{"href":"https:\/\/sertv.gob.pa\/nacionalfm\/wp-json\/wp\/v2\/posts\/10253","targetHints":{"allow":["GET"]}}],"collection":[{"href":"https:\/\/sertv.gob.pa\/nacionalfm\/wp-json\/wp\/v2\/posts"}],"about":[{"href":"https:\/\/sertv.gob.pa\/nacionalfm\/wp-json\/wp\/v2\/types\/post"}],"author":[{"embeddable":true,"href":"https:\/\/sertv.gob.pa\/nacionalfm\/wp-json\/wp\/v2\/users\/1"}],"replies":[{"embeddable":true,"href":"https:\/\/sertv.gob.pa\/nacionalfm\/wp-json\/wp\/v2\/comments?post=10253"}],"version-history":[{"count":0,"href":"https:\/\/sertv.gob.pa\/nacionalfm\/wp-json\/wp\/v2\/posts\/10253\/revisions"}],"wp:featuredmedia":[{"embeddable":true,"href":"https:\/\/sertv.gob.pa\/nacionalfm\/wp-json\/wp\/v2\/media\/10254"}],"wp:attachment":[{"href":"https:\/\/sertv.gob.pa\/nacionalfm\/wp-json\/wp\/v2\/media?parent=10253"}],"wp:term":[{"taxonomy":"category","embeddable":true,"href":"https:\/\/sertv.gob.pa\/nacionalfm\/wp-json\/wp\/v2\/categories?post=10253"},{"taxonomy":"post_tag","embeddable":true,"href":"https:\/\/sertv.gob.pa\/nacionalfm\/wp-json\/wp\/v2\/tags?post=10253"}],"curies":[{"name":"wp","href":"https:\/\/api.w.org\/{rel}","templated":true}]}}