{"id":10267,"date":"2016-01-27T17:47:25","date_gmt":"2016-01-27T17:47:25","guid":{"rendered":""},"modified":"2016-01-27T17:47:25","modified_gmt":"2016-01-27T17:47:25","slug":"amb-anuncia-modificaciones-en-el-directorio-del-organismo","status":"publish","type":"post","link":"https:\/\/sertv.gob.pa\/nacionalfm\/amb-anuncia-modificaciones-en-el-directorio-del-organismo\/","title":{"rendered":"AMB anuncia modificaciones en el directorio del organismo"},"content":{"rendered":"<p>\nEl presidente de la Asociaci\u00f3n Mundial de Boxeo (AMB), Gilberto Jes\u00fas Mendoza, anunci\u00f3 el pasado martes en una reuni\u00f3n con la prensa paname\u00f1a modificaciones en el directorio del organismo que \u00e9l preside. <\/p>\n<p>Entre los cambios que realiz\u00f3 destaca el ex campe\u00f3n mundial paname\u00f1o Celestino &ldquo;Pelench\u00edn&rdquo; Caballero como director del Comit\u00e9 de Desarrollo y Seguridad del Boxeador. Tambi\u00e9n se oficializ\u00f3 la designaci\u00f3n de los paname\u00f1os Julio Thyme como director del Comit\u00e9 de Relaciones Institucionales, Gustavo Padilla como secretario general de la AMB y a Octavio Rodr\u00edguez, tambi\u00e9n del pa\u00eds de Roberto Dur\u00e1n, como subdirector del comit\u00e9 de oficiales internacionales. <\/p>\n","protected":false},"excerpt":{"rendered":"<p>El presidente de la Asociaci\u00f3n Mundial de Boxeo (AMB), Gilberto <a href=\"https:\/\/sertv.gob.pa\/nacionalfm\/amb-anuncia-modificaciones-en-el-directorio-del-organismo\/\"> [&#8230;]<\/a><\/p>\n","protected":false},"author":1,"featured_media":10268,"comment_status":"closed","ping_status":"closed","sticky":false,"template":"","format":"standard","meta":{"footnotes":""},"categories":[4],"tags":[],"class_list":["post-10267","post","type-post","status-publish","format-standard","has-post-thumbnail","hentry","category-deportes"],"_links":{"self":[{"href":"https:\/\/sertv.gob.pa\/nacionalfm\/wp-json\/wp\/v2\/posts\/10267","targetHints":{"allow":["GET"]}}],"collection":[{"href":"https:\/\/sertv.gob.pa\/nacionalfm\/wp-json\/wp\/v2\/posts"}],"about":[{"href":"https:\/\/sertv.gob.pa\/nacionalfm\/wp-json\/wp\/v2\/types\/post"}],"author":[{"embeddable":true,"href":"https:\/\/sertv.gob.pa\/nacionalfm\/wp-json\/wp\/v2\/users\/1"}],"replies":[{"embeddable":true,"href":"https:\/\/sertv.gob.pa\/nacionalfm\/wp-json\/wp\/v2\/comments?post=10267"}],"version-history":[{"count":0,"href":"https:\/\/sertv.gob.pa\/nacionalfm\/wp-json\/wp\/v2\/posts\/10267\/revisions"}],"wp:featuredmedia":[{"embeddable":true,"href":"https:\/\/sertv.gob.pa\/nacionalfm\/wp-json\/wp\/v2\/media\/10268"}],"wp:attachment":[{"href":"https:\/\/sertv.gob.pa\/nacionalfm\/wp-json\/wp\/v2\/media?parent=10267"}],"wp:term":[{"taxonomy":"category","embeddable":true,"href":"https:\/\/sertv.gob.pa\/nacionalfm\/wp-json\/wp\/v2\/categories?post=10267"},{"taxonomy":"post_tag","embeddable":true,"href":"https:\/\/sertv.gob.pa\/nacionalfm\/wp-json\/wp\/v2\/tags?post=10267"}],"curies":[{"name":"wp","href":"https:\/\/api.w.org\/{rel}","templated":true}]}}