{"id":10269,"date":"2016-01-27T18:01:11","date_gmt":"2016-01-27T18:01:11","guid":{"rendered":""},"modified":"2016-01-27T18:01:11","modified_gmt":"2016-01-27T18:01:11","slug":"pelenchin-caballero-nombrado-en-comite-de-la-amb","status":"publish","type":"post","link":"https:\/\/sertv.gob.pa\/nacionalfm\/pelenchin-caballero-nombrado-en-comite-de-la-amb\/","title":{"rendered":"\u201cPelench\u00edn\u201d Caballero nombrado en Comit\u00e9 de la AMB"},"content":{"rendered":"<p>\nEl ex campe\u00f3n mundial supergallo y pluma de la Asociaci\u00f3n Mundial de Boxeo Celestino &ldquo;Pelench\u00edn&rdquo; Caballero fue nombrado por el presidente del organismo Gilberto Jes\u00fas Mendoza, como director del Comit\u00e9 de Desarrollo y Seguridad del Boxeador. <\/p>\n<p>&ldquo;Mi objetivo es ayudar a la Asociaci\u00f3n Mundial de Boxeo y a Gilberto Jes\u00fas Mendoza en buscar el mecanismo para que solo tengamos un campe\u00f3n del mundo&rdquo;, dijo Caballero. <\/p>\n<p>&ldquo;Pelench\u00edn&rdquo;\u00a0 Caballero con antelaci\u00f3n hab\u00eda conversado con Nacional FM para mostrar su inquietud en crear un organismo para la protecci\u00f3n de los boxeadores y ayer ten\u00eda reuni\u00f3n con el director de la Polic\u00eda Nacional, el Comisionado Omar Pinz\u00f3n para plantearle un programa de encuentros box\u00edsticos incluyendo a los reclusos tanto profesionales como amateur, lo que se le debe facilitar con este nombramiento. <\/p>\n","protected":false},"excerpt":{"rendered":"<p>El ex campe\u00f3n mundial supergallo y pluma de la Asociaci\u00f3n <a href=\"https:\/\/sertv.gob.pa\/nacionalfm\/pelenchin-caballero-nombrado-en-comite-de-la-amb\/\"> [&#8230;]<\/a><\/p>\n","protected":false},"author":1,"featured_media":10270,"comment_status":"closed","ping_status":"closed","sticky":false,"template":"","format":"standard","meta":{"footnotes":""},"categories":[4],"tags":[],"class_list":["post-10269","post","type-post","status-publish","format-standard","has-post-thumbnail","hentry","category-deportes"],"_links":{"self":[{"href":"https:\/\/sertv.gob.pa\/nacionalfm\/wp-json\/wp\/v2\/posts\/10269","targetHints":{"allow":["GET"]}}],"collection":[{"href":"https:\/\/sertv.gob.pa\/nacionalfm\/wp-json\/wp\/v2\/posts"}],"about":[{"href":"https:\/\/sertv.gob.pa\/nacionalfm\/wp-json\/wp\/v2\/types\/post"}],"author":[{"embeddable":true,"href":"https:\/\/sertv.gob.pa\/nacionalfm\/wp-json\/wp\/v2\/users\/1"}],"replies":[{"embeddable":true,"href":"https:\/\/sertv.gob.pa\/nacionalfm\/wp-json\/wp\/v2\/comments?post=10269"}],"version-history":[{"count":0,"href":"https:\/\/sertv.gob.pa\/nacionalfm\/wp-json\/wp\/v2\/posts\/10269\/revisions"}],"wp:featuredmedia":[{"embeddable":true,"href":"https:\/\/sertv.gob.pa\/nacionalfm\/wp-json\/wp\/v2\/media\/10270"}],"wp:attachment":[{"href":"https:\/\/sertv.gob.pa\/nacionalfm\/wp-json\/wp\/v2\/media?parent=10269"}],"wp:term":[{"taxonomy":"category","embeddable":true,"href":"https:\/\/sertv.gob.pa\/nacionalfm\/wp-json\/wp\/v2\/categories?post=10269"},{"taxonomy":"post_tag","embeddable":true,"href":"https:\/\/sertv.gob.pa\/nacionalfm\/wp-json\/wp\/v2\/tags?post=10269"}],"curies":[{"name":"wp","href":"https:\/\/api.w.org\/{rel}","templated":true}]}}