{"id":10283,"date":"2016-01-28T14:47:00","date_gmt":"2016-01-28T14:47:00","guid":{"rendered":""},"modified":"2016-01-28T14:47:00","modified_gmt":"2016-01-28T14:47:00","slug":"reunion-de-emergencia-por-virus-zika-es-convocada-por-oms","status":"publish","type":"post","link":"https:\/\/sertv.gob.pa\/nacionalfm\/reunion-de-emergencia-por-virus-zika-es-convocada-por-oms\/","title":{"rendered":"Reuni\u00f3n de emergencia por  virus zika es convocada por OMS"},"content":{"rendered":"<p>\n La Organizaci\u00f3n Mundial de la Salud (OMS) \u00a0convoc\u00f3 un comit\u00e9 de emergencia para el lunes y decidir si el brote de  virus zika  debe ser considerado emergencia internacional de salud. <\/p>\n<p>En una reuni\u00f3n especial efectuada el jueves, la directora general de la organizaci\u00f3n de salud de la ONU,  Margaret Chan , manifest\u00f3 que el virus &ndash;que se ha relacionado con defectos cong\u00e9nitos y problemas neurol\u00f3gicos&ndash; se &ldquo;propaga de manera explosiva&rdquo;. <\/p>\n<p>Chan expres\u00f3 que aunque no hay ninguna prueba definitiva de que el zika sea el responsable de un incremento en el n\u00famero de beb\u00e9s que nacen con microcefalia en Brasil, &ldquo;el nivel de alarma es extremadamente alto&rdquo;. <\/p>\n<p>La \u00faltima vez que la OMS declar\u00f3 una emergencia internacional fue por el brote de  \u00e9bola  en \u00c1frica Occidental en 2014 que termin\u00f3 matando a m\u00e1s de 11 mil personas. <\/p>\n<p>\u00a0 <\/p>\n<p>\u00a0 <\/p>\n","protected":false},"excerpt":{"rendered":"<p>La Organizaci\u00f3n Mundial de la Salud (OMS) \u00a0convoc\u00f3 un comit\u00e9 <a href=\"https:\/\/sertv.gob.pa\/nacionalfm\/reunion-de-emergencia-por-virus-zika-es-convocada-por-oms\/\"> [&#8230;]<\/a><\/p>\n","protected":false},"author":1,"featured_media":10284,"comment_status":"closed","ping_status":"closed","sticky":false,"template":"","format":"standard","meta":{"footnotes":""},"categories":[5],"tags":[],"class_list":["post-10283","post","type-post","status-publish","format-standard","has-post-thumbnail","hentry","category-salud"],"_links":{"self":[{"href":"https:\/\/sertv.gob.pa\/nacionalfm\/wp-json\/wp\/v2\/posts\/10283","targetHints":{"allow":["GET"]}}],"collection":[{"href":"https:\/\/sertv.gob.pa\/nacionalfm\/wp-json\/wp\/v2\/posts"}],"about":[{"href":"https:\/\/sertv.gob.pa\/nacionalfm\/wp-json\/wp\/v2\/types\/post"}],"author":[{"embeddable":true,"href":"https:\/\/sertv.gob.pa\/nacionalfm\/wp-json\/wp\/v2\/users\/1"}],"replies":[{"embeddable":true,"href":"https:\/\/sertv.gob.pa\/nacionalfm\/wp-json\/wp\/v2\/comments?post=10283"}],"version-history":[{"count":0,"href":"https:\/\/sertv.gob.pa\/nacionalfm\/wp-json\/wp\/v2\/posts\/10283\/revisions"}],"wp:featuredmedia":[{"embeddable":true,"href":"https:\/\/sertv.gob.pa\/nacionalfm\/wp-json\/wp\/v2\/media\/10284"}],"wp:attachment":[{"href":"https:\/\/sertv.gob.pa\/nacionalfm\/wp-json\/wp\/v2\/media?parent=10283"}],"wp:term":[{"taxonomy":"category","embeddable":true,"href":"https:\/\/sertv.gob.pa\/nacionalfm\/wp-json\/wp\/v2\/categories?post=10283"},{"taxonomy":"post_tag","embeddable":true,"href":"https:\/\/sertv.gob.pa\/nacionalfm\/wp-json\/wp\/v2\/tags?post=10283"}],"curies":[{"name":"wp","href":"https:\/\/api.w.org\/{rel}","templated":true}]}}