{"id":10291,"date":"2016-01-28T16:01:15","date_gmt":"2016-01-28T16:01:15","guid":{"rendered":""},"modified":"2016-01-28T16:01:15","modified_gmt":"2016-01-28T16:01:15","slug":"ulaps-en-las-cumbres-realiza-jornada-de-vacunacion-y-control-de-peso","status":"publish","type":"post","link":"https:\/\/sertv.gob.pa\/nacionalfm\/ulaps-en-las-cumbres-realiza-jornada-de-vacunacion-y-control-de-peso\/","title":{"rendered":"ULAPS en Las Cumbres realiza jornada de vacunaci\u00f3n y control de peso"},"content":{"rendered":"<p>\nComo parte de las actividades de atenci\u00f3n primaria para promover estilos de vida saludables en la comunidad, recientemente el personal de salud de la Unidad Local de Atenci\u00f3n Primaria en Salud (ULAPS) Edilberto Culiolis de la Caja de Seguro Social, en Las Cumbres, realizaron una jornada de vacunaci\u00f3n con control de peso y talla, en el sector de Las Lajas. <\/p>\n<p>Durante la actividad, se detectaron 13 personas en sobrepeso y dos con obesidad, puesto que sus \u00edndices de masa corporal fueron superiores a los recomendados por los especialistas de nutrici\u00f3n. <\/p>\n<p>A causa de ello, a estas personas se les recomend\u00f3 sacar cita con un nutricionista para que dieran inicio de esta manera, a un programa de alimentaci\u00f3n que les permita adquirir el peso ideal y evitar, con esta condici\u00f3n, alcanzar enfermedades como diabetes, hipertensi\u00f3n arterial y otras de tipo cardiovascular. <\/p>\n<p>Para esta el desarrollo de esta gesti\u00f3n, el equipo de trabajo estuvo coordinado por el Dr. V\u00edctor Ponce, m\u00e9dico de cabecera de las comunidades de Santa M\u00f3nica, Monte Fresco, Brisas de Las Cumbres, Nueva Uni\u00f3n Verag\u00fcense, Barriada 12 de julio, Las Cumbres Heights, Colonial Las Cumbres y las Lajas. <\/p>\n","protected":false},"excerpt":{"rendered":"<p>Como parte de las actividades de atenci\u00f3n primaria para promover <a href=\"https:\/\/sertv.gob.pa\/nacionalfm\/ulaps-en-las-cumbres-realiza-jornada-de-vacunacion-y-control-de-peso\/\"> [&#8230;]<\/a><\/p>\n","protected":false},"author":1,"featured_media":10292,"comment_status":"closed","ping_status":"closed","sticky":false,"template":"","format":"standard","meta":{"footnotes":""},"categories":[5],"tags":[],"class_list":["post-10291","post","type-post","status-publish","format-standard","has-post-thumbnail","hentry","category-salud"],"_links":{"self":[{"href":"https:\/\/sertv.gob.pa\/nacionalfm\/wp-json\/wp\/v2\/posts\/10291","targetHints":{"allow":["GET"]}}],"collection":[{"href":"https:\/\/sertv.gob.pa\/nacionalfm\/wp-json\/wp\/v2\/posts"}],"about":[{"href":"https:\/\/sertv.gob.pa\/nacionalfm\/wp-json\/wp\/v2\/types\/post"}],"author":[{"embeddable":true,"href":"https:\/\/sertv.gob.pa\/nacionalfm\/wp-json\/wp\/v2\/users\/1"}],"replies":[{"embeddable":true,"href":"https:\/\/sertv.gob.pa\/nacionalfm\/wp-json\/wp\/v2\/comments?post=10291"}],"version-history":[{"count":0,"href":"https:\/\/sertv.gob.pa\/nacionalfm\/wp-json\/wp\/v2\/posts\/10291\/revisions"}],"wp:featuredmedia":[{"embeddable":true,"href":"https:\/\/sertv.gob.pa\/nacionalfm\/wp-json\/wp\/v2\/media\/10292"}],"wp:attachment":[{"href":"https:\/\/sertv.gob.pa\/nacionalfm\/wp-json\/wp\/v2\/media?parent=10291"}],"wp:term":[{"taxonomy":"category","embeddable":true,"href":"https:\/\/sertv.gob.pa\/nacionalfm\/wp-json\/wp\/v2\/categories?post=10291"},{"taxonomy":"post_tag","embeddable":true,"href":"https:\/\/sertv.gob.pa\/nacionalfm\/wp-json\/wp\/v2\/tags?post=10291"}],"curies":[{"name":"wp","href":"https:\/\/api.w.org\/{rel}","templated":true}]}}