{"id":10317,"date":"2016-01-29T14:30:25","date_gmt":"2016-01-29T14:30:25","guid":{"rendered":""},"modified":"2016-01-29T14:30:25","modified_gmt":"2016-01-29T14:30:25","slug":"entre-3-y-4-millones-de-personas-afectaria-el-zika-en-america","status":"publish","type":"post","link":"https:\/\/sertv.gob.pa\/nacionalfm\/entre-3-y-4-millones-de-personas-afectaria-el-zika-en-america\/","title":{"rendered":"Entre 3 y 4 millones de personas afectar\u00eda el zika en Am\u00e9rica"},"content":{"rendered":"<p>\nLa Organizaci\u00f3n Panamericana de la Salud (OPS) estima que el virus del Zika podr\u00eda a afectar a entre 3 y 4 millones de personas en Am\u00e9rica en un a\u00f1o, afirm\u00f3 \u00a0Sylvan Aldighieri, experto de enfermedades infecciosas de esa instituci\u00f3n. <\/p>\n<p>\u00abTeniendo en cuenta que el a\u00f1o pasado hubo en Am\u00e9rica 2 millones de casos de dengue y que el mosquito que lo transmite es el mismo, y usando modelos inform\u00e1ticos y teniendo en cuenta toda la incertidumbre con la que trabajamos, estimamos que podr\u00eda haber entre 3 y 4 millones de infectados en 12 meses\u00bb, alert\u00f3 Aldighieri en rueda de prensa en Ginebra. <\/p>\n<p>En Brasil, el primer pa\u00eds donde hubo casos y el m\u00e1s afectado por la epidemia, ya se han contabilizado un mill\u00f3n y medio de casos de zika y 4.180 beb\u00e9s nacidos con microcefalia, mal que se relaciona con la enfermedad, aunque a\u00fan no se ha determinado la causalidad directa. <\/p>\n<p>\u00a0 <\/p>\n","protected":false},"excerpt":{"rendered":"<p>La Organizaci\u00f3n Panamericana de la Salud (OPS) estima que el <a href=\"https:\/\/sertv.gob.pa\/nacionalfm\/entre-3-y-4-millones-de-personas-afectaria-el-zika-en-america\/\"> [&#8230;]<\/a><\/p>\n","protected":false},"author":1,"featured_media":10318,"comment_status":"closed","ping_status":"closed","sticky":false,"template":"","format":"standard","meta":{"footnotes":""},"categories":[5],"tags":[],"class_list":["post-10317","post","type-post","status-publish","format-standard","has-post-thumbnail","hentry","category-salud"],"_links":{"self":[{"href":"https:\/\/sertv.gob.pa\/nacionalfm\/wp-json\/wp\/v2\/posts\/10317","targetHints":{"allow":["GET"]}}],"collection":[{"href":"https:\/\/sertv.gob.pa\/nacionalfm\/wp-json\/wp\/v2\/posts"}],"about":[{"href":"https:\/\/sertv.gob.pa\/nacionalfm\/wp-json\/wp\/v2\/types\/post"}],"author":[{"embeddable":true,"href":"https:\/\/sertv.gob.pa\/nacionalfm\/wp-json\/wp\/v2\/users\/1"}],"replies":[{"embeddable":true,"href":"https:\/\/sertv.gob.pa\/nacionalfm\/wp-json\/wp\/v2\/comments?post=10317"}],"version-history":[{"count":0,"href":"https:\/\/sertv.gob.pa\/nacionalfm\/wp-json\/wp\/v2\/posts\/10317\/revisions"}],"wp:featuredmedia":[{"embeddable":true,"href":"https:\/\/sertv.gob.pa\/nacionalfm\/wp-json\/wp\/v2\/media\/10318"}],"wp:attachment":[{"href":"https:\/\/sertv.gob.pa\/nacionalfm\/wp-json\/wp\/v2\/media?parent=10317"}],"wp:term":[{"taxonomy":"category","embeddable":true,"href":"https:\/\/sertv.gob.pa\/nacionalfm\/wp-json\/wp\/v2\/categories?post=10317"},{"taxonomy":"post_tag","embeddable":true,"href":"https:\/\/sertv.gob.pa\/nacionalfm\/wp-json\/wp\/v2\/tags?post=10317"}],"curies":[{"name":"wp","href":"https:\/\/api.w.org\/{rel}","templated":true}]}}