{"id":10349,"date":"2016-02-01T15:33:11","date_gmt":"2016-02-01T15:33:11","guid":{"rendered":""},"modified":"2016-02-01T15:33:11","modified_gmt":"2016-02-01T15:33:11","slug":"la-salud-se-beneficia-con-ser-optimista","status":"publish","type":"post","link":"https:\/\/sertv.gob.pa\/nacionalfm\/la-salud-se-beneficia-con-ser-optimista\/","title":{"rendered":"La salud se beneficia con ser optimista"},"content":{"rendered":"<p>\nIndicadores f\u00edsicos demuestra lo beneficioso que resulta mantener una actitud optimista frente a la vida. <\/p>\n<p>Un equipo de cient\u00edficos de la Universidad de Illinois en Estados Unidos investig\u00f3 la relaci\u00f3n entre ser optimista y la salud card\u00edaca llegando a una potente conclusi\u00f3n. <\/p>\n<p>El estudio se llev\u00f3 a cabo con m\u00e1s de 5.100 adultos entre 45 y 84 a\u00f1os y los resultados fueron sorprendentes. Las personas optimistas tienen mejores condiciones de salud que los individuos pesimistas. <\/p>\n<p>En cuanto a los criterios f\u00edsicos, los investigadores se guiaron por la presi\u00f3n sangu\u00ednea, \u00edndice de masa corporal, niveles de colesterol y glucosa, dieta, actividad f\u00edsica y consumo de tabaco. Luego cruzaron estos datos con los niveles de salud mental y optimismo que se\u00f1alaron los mismos individuos. <\/p>\n<p>El estudio concluy\u00f3 que los sujetos m\u00e1s positivos ten\u00edan mejores condiciones card\u00edacas y presentaban mejores niveles de colesterol. <\/p>\n<p>\u00a0 <\/p>\n","protected":false},"excerpt":{"rendered":"<p>Indicadores f\u00edsicos demuestra lo beneficioso que resulta mantener una actitud <a href=\"https:\/\/sertv.gob.pa\/nacionalfm\/la-salud-se-beneficia-con-ser-optimista\/\"> [&#8230;]<\/a><\/p>\n","protected":false},"author":1,"featured_media":10350,"comment_status":"closed","ping_status":"closed","sticky":false,"template":"","format":"standard","meta":{"footnotes":""},"categories":[5],"tags":[],"class_list":["post-10349","post","type-post","status-publish","format-standard","has-post-thumbnail","hentry","category-salud"],"_links":{"self":[{"href":"https:\/\/sertv.gob.pa\/nacionalfm\/wp-json\/wp\/v2\/posts\/10349","targetHints":{"allow":["GET"]}}],"collection":[{"href":"https:\/\/sertv.gob.pa\/nacionalfm\/wp-json\/wp\/v2\/posts"}],"about":[{"href":"https:\/\/sertv.gob.pa\/nacionalfm\/wp-json\/wp\/v2\/types\/post"}],"author":[{"embeddable":true,"href":"https:\/\/sertv.gob.pa\/nacionalfm\/wp-json\/wp\/v2\/users\/1"}],"replies":[{"embeddable":true,"href":"https:\/\/sertv.gob.pa\/nacionalfm\/wp-json\/wp\/v2\/comments?post=10349"}],"version-history":[{"count":0,"href":"https:\/\/sertv.gob.pa\/nacionalfm\/wp-json\/wp\/v2\/posts\/10349\/revisions"}],"wp:featuredmedia":[{"embeddable":true,"href":"https:\/\/sertv.gob.pa\/nacionalfm\/wp-json\/wp\/v2\/media\/10350"}],"wp:attachment":[{"href":"https:\/\/sertv.gob.pa\/nacionalfm\/wp-json\/wp\/v2\/media?parent=10349"}],"wp:term":[{"taxonomy":"category","embeddable":true,"href":"https:\/\/sertv.gob.pa\/nacionalfm\/wp-json\/wp\/v2\/categories?post=10349"},{"taxonomy":"post_tag","embeddable":true,"href":"https:\/\/sertv.gob.pa\/nacionalfm\/wp-json\/wp\/v2\/tags?post=10349"}],"curies":[{"name":"wp","href":"https:\/\/api.w.org\/{rel}","templated":true}]}}