{"id":10355,"date":"2016-02-01T15:58:27","date_gmt":"2016-02-01T15:58:27","guid":{"rendered":""},"modified":"2016-02-01T15:58:27","modified_gmt":"2016-02-01T15:58:27","slug":"aumentan-los-casos-de-zika-en-comarca-guna-yala","status":"publish","type":"post","link":"https:\/\/sertv.gob.pa\/nacionalfm\/aumentan-los-casos-de-zika-en-comarca-guna-yala\/","title":{"rendered":"Aumentan los casos de Zika en comarca Guna Yala"},"content":{"rendered":"<p>\nUna fuente del Ministerio de Salud dio a conocer que a  5 0 aumentaron los casos de Zika en Panam\u00e1, concentrados en la comarca ind\u00edgena Guna Yala, fronteriza con Colombia, pero se espera su expansi\u00f3n en todo el pa\u00eds. <\/p>\n<p>\u00abLos casos se han registrado en toda la comarca, ya no solo en las islas y lo que se est\u00e1 haciendo es una campa\u00f1a de prevenci\u00f3n para destruir los criaderos\u00bb, explic\u00f3 el coordinador Internacional de Vigilancia Epidemiol\u00f3gica, Israel Cede\u00f1o, en el Canal 2 de la televisi\u00f3n local. <\/p>\n<p>El galeno asegur\u00f3 que hoy se reunir\u00e1n las autoridades de Salud con los dirigentes de la comarca, de quienes asegur\u00f3 \u00abhemos recibido mucha colaboraci\u00f3n desde el principio\u00bb. <\/p>\n<p>Admiti\u00f3 que \u00abtodo indica\u00bb que el Zika entr\u00f3 \u00abpor Colombia\u00bb, debido al hist\u00f3rico intercambio comercial entre los ind\u00edgenas, a orillas del Mar Caribe, con los colombianos, pero advirti\u00f3 que en ning\u00fan momento se va a \u00abcerrar fronteras\u00bb porque eso no es una medida eficaz, sino que se estrechar\u00e1 la vigilancia preventiva, conforme las recomendaciones de la Organizaci\u00f3n Mundial de la Salud.<br \/>\n\u00a0 <\/p>\n<p>\u00a0 <\/p>\n","protected":false},"excerpt":{"rendered":"<p>Una fuente del Ministerio de Salud dio a conocer que <a href=\"https:\/\/sertv.gob.pa\/nacionalfm\/aumentan-los-casos-de-zika-en-comarca-guna-yala\/\"> [&#8230;]<\/a><\/p>\n","protected":false},"author":1,"featured_media":10356,"comment_status":"closed","ping_status":"closed","sticky":false,"template":"","format":"standard","meta":{"footnotes":""},"categories":[5],"tags":[],"class_list":["post-10355","post","type-post","status-publish","format-standard","has-post-thumbnail","hentry","category-salud"],"_links":{"self":[{"href":"https:\/\/sertv.gob.pa\/nacionalfm\/wp-json\/wp\/v2\/posts\/10355","targetHints":{"allow":["GET"]}}],"collection":[{"href":"https:\/\/sertv.gob.pa\/nacionalfm\/wp-json\/wp\/v2\/posts"}],"about":[{"href":"https:\/\/sertv.gob.pa\/nacionalfm\/wp-json\/wp\/v2\/types\/post"}],"author":[{"embeddable":true,"href":"https:\/\/sertv.gob.pa\/nacionalfm\/wp-json\/wp\/v2\/users\/1"}],"replies":[{"embeddable":true,"href":"https:\/\/sertv.gob.pa\/nacionalfm\/wp-json\/wp\/v2\/comments?post=10355"}],"version-history":[{"count":0,"href":"https:\/\/sertv.gob.pa\/nacionalfm\/wp-json\/wp\/v2\/posts\/10355\/revisions"}],"wp:featuredmedia":[{"embeddable":true,"href":"https:\/\/sertv.gob.pa\/nacionalfm\/wp-json\/wp\/v2\/media\/10356"}],"wp:attachment":[{"href":"https:\/\/sertv.gob.pa\/nacionalfm\/wp-json\/wp\/v2\/media?parent=10355"}],"wp:term":[{"taxonomy":"category","embeddable":true,"href":"https:\/\/sertv.gob.pa\/nacionalfm\/wp-json\/wp\/v2\/categories?post=10355"},{"taxonomy":"post_tag","embeddable":true,"href":"https:\/\/sertv.gob.pa\/nacionalfm\/wp-json\/wp\/v2\/tags?post=10355"}],"curies":[{"name":"wp","href":"https:\/\/api.w.org\/{rel}","templated":true}]}}