{"id":10371,"date":"2016-02-01T19:37:29","date_gmt":"2016-02-01T19:37:29","guid":{"rendered":""},"modified":"2016-02-01T19:37:29","modified_gmt":"2016-02-01T19:37:29","slug":"el-san-francisco-descansa-hoy","status":"publish","type":"post","link":"https:\/\/sertv.gob.pa\/nacionalfm\/el-san-francisco-descansa-hoy\/","title":{"rendered":"El San Francisco descansa hoy"},"content":{"rendered":"<p>\nEl San Francisco FC tomar\u00e1 hoy el d\u00eda de descanso, no habr\u00e1 entrenamientos, con el objeto de que los jugadores se recuperen del \u00faltimo partido ante el Sporting de San Miguelito, con quien perdi\u00f3 2-1. <\/p>\n<p>Los entrenamientos se reanudar\u00e1n el martes por la ma\u00f1ana, y una vez finalizado, los jugadores estar\u00e1n abordando el bus con destino a la ciudad de David, Chiriqu\u00ed, para medirse el d\u00eda mi\u00e9rcoles a un inspirado Atl\u00e9tico Chiriqu\u00ed que se encuentra entre los cuatro primeros. <\/p>\n<p>\u00a0 <\/p>\n","protected":false},"excerpt":{"rendered":"<p>El San Francisco FC tomar\u00e1 hoy el d\u00eda de descanso, <a href=\"https:\/\/sertv.gob.pa\/nacionalfm\/el-san-francisco-descansa-hoy\/\"> [&#8230;]<\/a><\/p>\n","protected":false},"author":1,"featured_media":10372,"comment_status":"closed","ping_status":"closed","sticky":false,"template":"","format":"standard","meta":{"footnotes":""},"categories":[4],"tags":[],"class_list":["post-10371","post","type-post","status-publish","format-standard","has-post-thumbnail","hentry","category-deportes"],"_links":{"self":[{"href":"https:\/\/sertv.gob.pa\/nacionalfm\/wp-json\/wp\/v2\/posts\/10371","targetHints":{"allow":["GET"]}}],"collection":[{"href":"https:\/\/sertv.gob.pa\/nacionalfm\/wp-json\/wp\/v2\/posts"}],"about":[{"href":"https:\/\/sertv.gob.pa\/nacionalfm\/wp-json\/wp\/v2\/types\/post"}],"author":[{"embeddable":true,"href":"https:\/\/sertv.gob.pa\/nacionalfm\/wp-json\/wp\/v2\/users\/1"}],"replies":[{"embeddable":true,"href":"https:\/\/sertv.gob.pa\/nacionalfm\/wp-json\/wp\/v2\/comments?post=10371"}],"version-history":[{"count":0,"href":"https:\/\/sertv.gob.pa\/nacionalfm\/wp-json\/wp\/v2\/posts\/10371\/revisions"}],"wp:featuredmedia":[{"embeddable":true,"href":"https:\/\/sertv.gob.pa\/nacionalfm\/wp-json\/wp\/v2\/media\/10372"}],"wp:attachment":[{"href":"https:\/\/sertv.gob.pa\/nacionalfm\/wp-json\/wp\/v2\/media?parent=10371"}],"wp:term":[{"taxonomy":"category","embeddable":true,"href":"https:\/\/sertv.gob.pa\/nacionalfm\/wp-json\/wp\/v2\/categories?post=10371"},{"taxonomy":"post_tag","embeddable":true,"href":"https:\/\/sertv.gob.pa\/nacionalfm\/wp-json\/wp\/v2\/tags?post=10371"}],"curies":[{"name":"wp","href":"https:\/\/api.w.org\/{rel}","templated":true}]}}