{"id":1039,"date":"2014-08-14T05:00:00","date_gmt":"2014-08-14T05:00:00","guid":{"rendered":""},"modified":"2014-08-14T05:00:00","modified_gmt":"2014-08-14T05:00:00","slug":"doce-muertes-en-dinamarca-a-causa-de-carne-contaminada","status":"publish","type":"post","link":"https:\/\/sertv.gob.pa\/nacionalfm\/doce-muertes-en-dinamarca-a-causa-de-carne-contaminada\/","title":{"rendered":"Doce muertes en Dinamarca a causa de carne contaminada"},"content":{"rendered":"<p>\nFuncionarios de seguridad alimentaria en Dinamarca dieron a conocer que 12 personas han muerto en el pa\u00eds debido a un brote de listeria ocasionado por fiambres contaminados. <\/p>\n<p>La listeria puede causar meningitis, abortos y septicemia. <\/p>\n<p>El Ministerio de Alimentaci\u00f3n, Agricultura y Pesca manifest\u00f3 que orden\u00f3 el cierre de una peque\u00f1a productora de este tipo de carnes cerca de la capital Copenhague y orden\u00f3 la retirada de sus productos, tras de que se comprobara que eran la fuente de la bacteria. <\/p>\n<p>Las autoridades explicaron que desde septiembre del a\u00f1o pasado se han registrado 20 casos de listeria en el pa\u00eds. De ellos, 15 se han enfermado en los \u00faltimos dos meses.\u00a0 @nacionalFm <\/p>\n<p>\u00a0 <\/p>\n","protected":false},"excerpt":{"rendered":"<p>Funcionarios de seguridad alimentaria en Dinamarca dieron a conocer que <a href=\"https:\/\/sertv.gob.pa\/nacionalfm\/doce-muertes-en-dinamarca-a-causa-de-carne-contaminada\/\"> [&#8230;]<\/a><\/p>\n","protected":false},"author":1,"featured_media":1040,"comment_status":"closed","ping_status":"closed","sticky":false,"template":"","format":"standard","meta":{"footnotes":""},"categories":[5],"tags":[],"class_list":["post-1039","post","type-post","status-publish","format-standard","has-post-thumbnail","hentry","category-salud"],"_links":{"self":[{"href":"https:\/\/sertv.gob.pa\/nacionalfm\/wp-json\/wp\/v2\/posts\/1039","targetHints":{"allow":["GET"]}}],"collection":[{"href":"https:\/\/sertv.gob.pa\/nacionalfm\/wp-json\/wp\/v2\/posts"}],"about":[{"href":"https:\/\/sertv.gob.pa\/nacionalfm\/wp-json\/wp\/v2\/types\/post"}],"author":[{"embeddable":true,"href":"https:\/\/sertv.gob.pa\/nacionalfm\/wp-json\/wp\/v2\/users\/1"}],"replies":[{"embeddable":true,"href":"https:\/\/sertv.gob.pa\/nacionalfm\/wp-json\/wp\/v2\/comments?post=1039"}],"version-history":[{"count":0,"href":"https:\/\/sertv.gob.pa\/nacionalfm\/wp-json\/wp\/v2\/posts\/1039\/revisions"}],"wp:featuredmedia":[{"embeddable":true,"href":"https:\/\/sertv.gob.pa\/nacionalfm\/wp-json\/wp\/v2\/media\/1040"}],"wp:attachment":[{"href":"https:\/\/sertv.gob.pa\/nacionalfm\/wp-json\/wp\/v2\/media?parent=1039"}],"wp:term":[{"taxonomy":"category","embeddable":true,"href":"https:\/\/sertv.gob.pa\/nacionalfm\/wp-json\/wp\/v2\/categories?post=1039"},{"taxonomy":"post_tag","embeddable":true,"href":"https:\/\/sertv.gob.pa\/nacionalfm\/wp-json\/wp\/v2\/tags?post=1039"}],"curies":[{"name":"wp","href":"https:\/\/api.w.org\/{rel}","templated":true}]}}