{"id":10393,"date":"2016-02-02T15:34:47","date_gmt":"2016-02-02T15:34:47","guid":{"rendered":""},"modified":"2016-02-02T15:34:47","modified_gmt":"2016-02-02T15:34:47","slug":"sinusitis-o-neumonia-pueden-ser-provocadas-por-sonarse-mal-la-nariz","status":"publish","type":"post","link":"https:\/\/sertv.gob.pa\/nacionalfm\/sinusitis-o-neumonia-pueden-ser-provocadas-por-sonarse-mal-la-nariz\/","title":{"rendered":"Sinusitis o neumon\u00eda pueden ser provocadas por sonarse mal la nariz"},"content":{"rendered":"<p>\nSonarse mal la nariz puede provocar sinusitis, por acumulaci\u00f3n de las secreciones en las v\u00edas altas debido a un mal drenaje, o bronquiolitis o neumon\u00eda, si \u00e9stas se acumulan en las v\u00edas respiratorias bajas, seg\u00fan han alertado los fisioterapeutas madrile\u00f1os, catalanes, navarros, vascos y gallegos con motivo de la campa\u00f1a &rsquo;12 meses, 12 consejos de salud&rsquo;, publica infosalus.com <\/p>\n<p>&ldquo;Nos sonamos mal y no se trata solo de que los mocos que no se expulsan del organismo sean molestos, sino que terminan provocando rinitis, otitis, faringitis, sinusitis, entre otras patolog\u00edas. De ah\u00ed que la fisioterapia respiratoria sostenga que lo primero que hay que hacer es aprender a sonarse&rdquo;, ha comentado el secretario general del Colegio Profesional de Fisioterapeutas de la Comunidad de Madrid (CPFCM), Jos\u00e9 Santos. <\/p>\n<p>\u00a0 <\/p>\n","protected":false},"excerpt":{"rendered":"<p>Sonarse mal la nariz puede provocar sinusitis, por acumulaci\u00f3n de <a href=\"https:\/\/sertv.gob.pa\/nacionalfm\/sinusitis-o-neumonia-pueden-ser-provocadas-por-sonarse-mal-la-nariz\/\"> [&#8230;]<\/a><\/p>\n","protected":false},"author":1,"featured_media":10394,"comment_status":"closed","ping_status":"closed","sticky":false,"template":"","format":"standard","meta":{"footnotes":""},"categories":[5],"tags":[],"class_list":["post-10393","post","type-post","status-publish","format-standard","has-post-thumbnail","hentry","category-salud"],"_links":{"self":[{"href":"https:\/\/sertv.gob.pa\/nacionalfm\/wp-json\/wp\/v2\/posts\/10393","targetHints":{"allow":["GET"]}}],"collection":[{"href":"https:\/\/sertv.gob.pa\/nacionalfm\/wp-json\/wp\/v2\/posts"}],"about":[{"href":"https:\/\/sertv.gob.pa\/nacionalfm\/wp-json\/wp\/v2\/types\/post"}],"author":[{"embeddable":true,"href":"https:\/\/sertv.gob.pa\/nacionalfm\/wp-json\/wp\/v2\/users\/1"}],"replies":[{"embeddable":true,"href":"https:\/\/sertv.gob.pa\/nacionalfm\/wp-json\/wp\/v2\/comments?post=10393"}],"version-history":[{"count":0,"href":"https:\/\/sertv.gob.pa\/nacionalfm\/wp-json\/wp\/v2\/posts\/10393\/revisions"}],"wp:featuredmedia":[{"embeddable":true,"href":"https:\/\/sertv.gob.pa\/nacionalfm\/wp-json\/wp\/v2\/media\/10394"}],"wp:attachment":[{"href":"https:\/\/sertv.gob.pa\/nacionalfm\/wp-json\/wp\/v2\/media?parent=10393"}],"wp:term":[{"taxonomy":"category","embeddable":true,"href":"https:\/\/sertv.gob.pa\/nacionalfm\/wp-json\/wp\/v2\/categories?post=10393"},{"taxonomy":"post_tag","embeddable":true,"href":"https:\/\/sertv.gob.pa\/nacionalfm\/wp-json\/wp\/v2\/tags?post=10393"}],"curies":[{"name":"wp","href":"https:\/\/api.w.org\/{rel}","templated":true}]}}