{"id":10407,"date":"2016-02-02T18:51:56","date_gmt":"2016-02-02T18:51:56","guid":{"rendered":""},"modified":"2016-02-02T18:51:56","modified_gmt":"2016-02-02T18:51:56","slug":"carolina-demetiev-mejor-entre-25-29-anos-en-ironman-panama","status":"publish","type":"post","link":"https:\/\/sertv.gob.pa\/nacionalfm\/carolina-demetiev-mejor-entre-25-29-anos-en-ironman-panama\/","title":{"rendered":"Carolina Demetiev mejor entre 25-29 a\u00f1os en Ironman Panam\u00e1"},"content":{"rendered":"<p>\nEn el Ironman 70.3 Panam\u00e1 2016 en su cuarta versi\u00f3n, la paname\u00f1a Carolina Demetiev fue la mejor entre 25-29 a\u00f1os en la rama femenina con\u00a0 tiempo cronometrando de 4: 31.53 horas. <\/p>\n<p>La \u00a0estadounidense Sara Haskins logr\u00f3 la primera posici\u00f3n al cerrar el circuito en 4 horas 8 minutos 53 cent\u00e9simas, la triatleta fue recibida en la meta por el subdirector de PANDEPORTES Rolando Gonz\u00e1lez y el Secretario General Mario P\u00e9rez. <\/p>\n<p>En la categor\u00eda masculina,\u00a0 gan\u00f3 \u00a0el \u00a0franc\u00e9s Antony Coates, quien \u00a0se ubic\u00f3 en la segunda posici\u00f3n con tiempo total de 3 horas 41 minutos y 53 cent\u00e9simas. El australiano Tim Reed lleg\u00f3 tercero registrando 3 horas 44 minutos 53 cent\u00e9simas. <\/p>\n<p>Ernesto &ldquo;Fulo&rdquo; Fern\u00e1ndez, \u00fanico paname\u00f1o inscrito en la categor\u00eda profesional arrib\u00f3 en la posici\u00f3n 16 con cron\u00f3metro de 4:16.38 horas. <\/p>\n<p>El Ironman 70.3 Panam\u00e1 2016, en su cuarta versi\u00f3n es el Campeonato Panamericano Profesional de triatl\u00f3n y tuvo una participaci\u00f3n de m\u00e1s de m\u00e1s de mil 400 atletas. <\/p>\n","protected":false},"excerpt":{"rendered":"<p>En el Ironman 70.3 Panam\u00e1 2016 en su cuarta versi\u00f3n, <a href=\"https:\/\/sertv.gob.pa\/nacionalfm\/carolina-demetiev-mejor-entre-25-29-anos-en-ironman-panama\/\"> [&#8230;]<\/a><\/p>\n","protected":false},"author":1,"featured_media":10408,"comment_status":"closed","ping_status":"closed","sticky":false,"template":"","format":"standard","meta":{"footnotes":""},"categories":[4],"tags":[],"class_list":["post-10407","post","type-post","status-publish","format-standard","has-post-thumbnail","hentry","category-deportes"],"_links":{"self":[{"href":"https:\/\/sertv.gob.pa\/nacionalfm\/wp-json\/wp\/v2\/posts\/10407","targetHints":{"allow":["GET"]}}],"collection":[{"href":"https:\/\/sertv.gob.pa\/nacionalfm\/wp-json\/wp\/v2\/posts"}],"about":[{"href":"https:\/\/sertv.gob.pa\/nacionalfm\/wp-json\/wp\/v2\/types\/post"}],"author":[{"embeddable":true,"href":"https:\/\/sertv.gob.pa\/nacionalfm\/wp-json\/wp\/v2\/users\/1"}],"replies":[{"embeddable":true,"href":"https:\/\/sertv.gob.pa\/nacionalfm\/wp-json\/wp\/v2\/comments?post=10407"}],"version-history":[{"count":0,"href":"https:\/\/sertv.gob.pa\/nacionalfm\/wp-json\/wp\/v2\/posts\/10407\/revisions"}],"wp:featuredmedia":[{"embeddable":true,"href":"https:\/\/sertv.gob.pa\/nacionalfm\/wp-json\/wp\/v2\/media\/10408"}],"wp:attachment":[{"href":"https:\/\/sertv.gob.pa\/nacionalfm\/wp-json\/wp\/v2\/media?parent=10407"}],"wp:term":[{"taxonomy":"category","embeddable":true,"href":"https:\/\/sertv.gob.pa\/nacionalfm\/wp-json\/wp\/v2\/categories?post=10407"},{"taxonomy":"post_tag","embeddable":true,"href":"https:\/\/sertv.gob.pa\/nacionalfm\/wp-json\/wp\/v2\/tags?post=10407"}],"curies":[{"name":"wp","href":"https:\/\/api.w.org\/{rel}","templated":true}]}}